
{"id":113755,"date":"2023-11-10T22:39:49","date_gmt":"2023-11-11T01:39:49","guid":{"rendered":"https:\/\/www.sudoestehoje.com.br\/novoportal\/?p=113755"},"modified":"2023-11-10T22:39:49","modified_gmt":"2023-11-11T01:39:49","slug":"biografia-segundo-volume-de-trilogia-sobre-vida-e-obra-do-professor-jose-silveira-e-lancado","status":"publish","type":"post","link":"https:\/\/www.sudoestehoje.com.br\/novoportal\/2023\/11\/10\/biografia-segundo-volume-de-trilogia-sobre-vida-e-obra-do-professor-jose-silveira-e-lancado\/","title":{"rendered":"BIOGRAFIA: SEGUNDO VOLUME DE TRILOGIA SOBRE VIDA E OBRA DO PROFESSOR JOS\u00c9 SILVEIRA \u00c9 LAN\u00c7ADO"},"content":{"rendered":"<h2 class=\"entry-sub-title\">O m\u00e9dico e cientista baiano \u00e9 reconhecido pelo trabalho pioneiro de combate \u00e0 tuberculose, no Brasil<\/h2>\n<p><img loading=\"lazy\" decoding=\"async\" class=\"alignnone  wp-image-113756\" src=\"https:\/\/www.sudoestehoje.com.br\/novoportal\/wp-content\/uploads\/2023\/11\/Jose-Silveira-780x470.jpeg-768x463-1-600x362.webp\" alt=\"\" width=\"550\" height=\"332\" srcset=\"https:\/\/www.sudoestehoje.com.br\/novoportal\/wp-content\/uploads\/2023\/11\/Jose-Silveira-780x470.jpeg-768x463-1-600x362.webp 600w, https:\/\/www.sudoestehoje.com.br\/novoportal\/wp-content\/uploads\/2023\/11\/Jose-Silveira-780x470.jpeg-768x463-1-700x422.webp 700w, https:\/\/www.sudoestehoje.com.br\/novoportal\/wp-content\/uploads\/2023\/11\/Jose-Silveira-780x470.jpeg-768x463-1.webp 768w\" sizes=\"auto, (max-width: 550px) 100vw, 550px\" \/><\/p>\n<p><strong>Nesta quarta-feira (8\/11), a Funda\u00e7\u00e3o Jos\u00e9 Silveira (FJS) lan\u00e7ou o segundo volume da trilogia \u201cJos\u00e9 Silveira, um exemplo de vida\u201d, organizada por Dr. Geraldo Leite, presidente da Institui\u00e7\u00e3o. A obra intitulada \u201cMaturidade | Mem\u00f3rias \u2013 volume 2\u201d re\u00fane relatos autobiogr\u00e1ficos, al\u00e9m de marcos hist\u00f3ricos da medicina da Bahia.<\/strong><\/p>\n<p><strong>\u201cO culto ao mestre, conselheiro e amigo fez com que eu tentasse escrever a biografia do grande s\u00e1bio Professor Jos\u00e9 Silveira. Persegui este objetivo at\u00e9 concluir que a vida e a obra de Jos\u00e9 Silveira foram descritas por ele mesmo. Impactado com a descoberta, compilei v\u00e1rios trechos de seus livros, compondo assim uma trilogia: MOCIDADE E INF\u00c2NCIA, MATURIDADE, e PERFIS\u201d, explicou Dr. Geraldo.<\/strong><\/p>\n<div class=\"google-auto-placed ap_container\"><strong><ins class=\"adsbygoogle adsbygoogle-noablate\" data-ad-format=\"auto\" data-ad-client=\"ca-pub-3047517099856345\" data-adsbygoogle-status=\"done\" data-ad-status=\"filled\"><\/p>\n<div id=\"aswift_2_host\" tabindex=\"0\" title=\"Advertisement\" aria-label=\"Advertisement\">O pref\u00e1cio da obra \u00e9 assinado por Leila Brito, gestora do N\u00facleo de Desenvolvimento Estrat\u00e9gico, Assistencial e Inova\u00e7\u00e3o da FJS. Para ela, \u201co livro retrata a grandiosidade do trabalho do Professor Jos\u00e9 Silveira na sa\u00fade p\u00fablica. Com coragem e determina\u00e7\u00e3o, ele denunciou injusti\u00e7as sociais, conquistou reconhecimento acad\u00eamico e contribuiu significativamente para o avan\u00e7o cient\u00edfico\u201d.<\/div>\n<p><\/ins><\/strong><\/div>\n<h4><strong><em>Laureado com o Pr\u00eamio Astra<\/em><\/strong><\/h4>\n<p><strong>A vida do Professor Jos\u00e9 Silveira foi integralmente dedicada \u00e0 assist\u00eancia \u00e0 sa\u00fade das pessoas em situa\u00e7\u00e3o de vulnerabilidade social. Viveu at\u00e9 os 96 anos, deixando uma obra superior a 200 trabalhos cient\u00edficos publicados no Brasil e no exterior, al\u00e9m de in\u00fameras contribui\u00e7\u00f5es no campo da sa\u00fade p\u00fablica e da assist\u00eancia m\u00e9dico-social. No ano de 1978, ganhou Pr\u00eamio Astra, considerado t\u00e3o importante quanto o Pr\u00eamio Nobel, em reconhecimento ao seu pioneirismo na luta contra a tuberculose no pa\u00eds, por meio do Instituto Brasileiro para Investiga\u00e7\u00e3o da Tuberculose (IBIT).<\/strong><\/p>\n","protected":false},"excerpt":{"rendered":"<p>O m\u00e9dico e cientista baiano \u00e9 reconhecido pelo trabalho pioneiro de combate \u00e0 tuberculose, no Brasil Nesta quarta-feira (8\/11), a Funda\u00e7\u00e3o Jos\u00e9 Silveira (FJS) lan\u00e7ou o segundo volume da trilogia \u201cJos\u00e9 Silveira, um exemplo de vida\u201d, organizada por Dr. Geraldo Leite, presidente da Institui\u00e7\u00e3o. A obra intitulada \u201cMaturidade | Mem\u00f3rias \u2013 volume 2\u201d re\u00fane relatos [&hellip;]<\/p>\n","protected":false},"author":2,"featured_media":113756,"comment_status":"closed","ping_status":"open","sticky":false,"template":"","format":"standard","meta":{"footnotes":"","_links_to":"","_links_to_target":""},"categories":[1],"tags":[],"class_list":["post-113755","post","type-post","status-publish","format-standard","has-post-thumbnail","hentry","category-geral"],"views":583,"_links":{"self":[{"href":"https:\/\/www.sudoestehoje.com.br\/novoportal\/wp-json\/wp\/v2\/posts\/113755","targetHints":{"allow":["GET"]}}],"collection":[{"href":"https:\/\/www.sudoestehoje.com.br\/novoportal\/wp-json\/wp\/v2\/posts"}],"about":[{"href":"https:\/\/www.sudoestehoje.com.br\/novoportal\/wp-json\/wp\/v2\/types\/post"}],"author":[{"embeddable":true,"href":"https:\/\/www.sudoestehoje.com.br\/novoportal\/wp-json\/wp\/v2\/users\/2"}],"replies":[{"embeddable":true,"href":"https:\/\/www.sudoestehoje.com.br\/novoportal\/wp-json\/wp\/v2\/comments?post=113755"}],"version-history":[{"count":1,"href":"https:\/\/www.sudoestehoje.com.br\/novoportal\/wp-json\/wp\/v2\/posts\/113755\/revisions"}],"predecessor-version":[{"id":113757,"href":"https:\/\/www.sudoestehoje.com.br\/novoportal\/wp-json\/wp\/v2\/posts\/113755\/revisions\/113757"}],"wp:featuredmedia":[{"embeddable":true,"href":"https:\/\/www.sudoestehoje.com.br\/novoportal\/wp-json\/wp\/v2\/media\/113756"}],"wp:attachment":[{"href":"https:\/\/www.sudoestehoje.com.br\/novoportal\/wp-json\/wp\/v2\/media?parent=113755"}],"wp:term":[{"taxonomy":"category","embeddable":true,"href":"https:\/\/www.sudoestehoje.com.br\/novoportal\/wp-json\/wp\/v2\/categories?post=113755"},{"taxonomy":"post_tag","embeddable":true,"href":"https:\/\/www.sudoestehoje.com.br\/novoportal\/wp-json\/wp\/v2\/tags?post=113755"}],"curies":[{"name":"wp","href":"https:\/\/api.w.org\/{rel}","templated":true}]}}