
{"id":113752,"date":"2023-11-10T13:34:06","date_gmt":"2023-11-10T16:34:06","guid":{"rendered":"https:\/\/www.sudoestehoje.com.br\/novoportal\/?p=113752"},"modified":"2023-11-10T13:34:06","modified_gmt":"2023-11-10T16:34:06","slug":"ex-governador-nilo-coelho-renuncia-ao-cargo-de-prefeito-de-guanambi","status":"publish","type":"post","link":"https:\/\/www.sudoestehoje.com.br\/novoportal\/2023\/11\/10\/ex-governador-nilo-coelho-renuncia-ao-cargo-de-prefeito-de-guanambi\/","title":{"rendered":"EX-GOVERNADOR NILO COELHO RENUNCIA AO CARGO DE PREFEITO DE GUANAMBI"},"content":{"rendered":"<p><img loading=\"lazy\" decoding=\"async\" class=\"alignnone  wp-image-113753\" src=\"https:\/\/www.sudoestehoje.com.br\/novoportal\/wp-content\/uploads\/2023\/11\/nilo-600x315.jpg\" alt=\"\" width=\"550\" height=\"289\" srcset=\"https:\/\/www.sudoestehoje.com.br\/novoportal\/wp-content\/uploads\/2023\/11\/nilo-600x315.jpg 600w, https:\/\/www.sudoestehoje.com.br\/novoportal\/wp-content\/uploads\/2023\/11\/nilo-700x368.jpg 700w, https:\/\/www.sudoestehoje.com.br\/novoportal\/wp-content\/uploads\/2023\/11\/nilo-768x403.jpg 768w, https:\/\/www.sudoestehoje.com.br\/novoportal\/wp-content\/uploads\/2023\/11\/nilo.jpg 1200w\" sizes=\"auto, (max-width: 550px) 100vw, 550px\" \/><\/p>\n<p><strong>O ex-governador da Bahia e prefeito de\u00a0Guanambi, no Sudoeste baiano, Nilo Coelho (Uni\u00e3o), se desligou oficialmente do cargo. O comunicado foi tornado p\u00fablico nesta sexta-feira (10). O ex-governador, de 80 anos, disse que a decis\u00e3o foi tomada por \u201cuma profunda reflex\u00e3o\u201d sobre o que seria bom para continuar a servir o munic\u00edpio.<\/strong><\/p>\n<p><strong>\u201cQuero deixar claro que se trata de um novo cap\u00edtulo nesta hist\u00f3ria de amor. Pretendo buscar novas formas de contribuir para o bem-estar e progresso de minha terra\u201d, disse o agora ex-gestor. Nilo Coelho<\/strong><\/p>\n<p><strong>Nilo Coelho foi eleito quatro vezes prefeito de Guanambi, sendo a primeira em 1982. Com ascens\u00e3o regional, Nilo Coelho integrou a chapa vitoriosa de Waldir Pires ao governo da Bahia em 1986, como vice-governador.<\/strong><\/p>\n<p><strong>Com a ren\u00fancia de Waldir em 1989, que formava chapa \u00e0 presid\u00eancia com Ulysses Guimar\u00e3es, Nilo Coelho se tornou governador da Bahia. Segundo o gestor, em um ano e dez meses de mandato chegou a construir um volume de estradas para a integra\u00e7\u00e3o de todo o estado. Ele tamb\u00e9m foi deputado federal.<\/strong><\/p>\n<p><strong>\u201cQuero expressar meu mais profundo agradecimento por todo o apoio, confian\u00e7a e oportunidade de servir \u00e0 minha amada Guanambi e a Bahia. Tenho imenso orgulho de tudo que conquistamos juntos. Cada desafio enfrentado e cada vit\u00f3ria alcan\u00e7ada foi fruto de um esfor\u00e7o coletivo. Estejam certos de que permane\u00e7o comprometido com as causas que defendemos juntos\u201d, finalizou.<\/strong><\/p>\n","protected":false},"excerpt":{"rendered":"<p>O ex-governador da Bahia e prefeito de\u00a0Guanambi, no Sudoeste baiano, Nilo Coelho (Uni\u00e3o), se desligou oficialmente do cargo. O comunicado foi tornado p\u00fablico nesta sexta-feira (10). O ex-governador, de 80 anos, disse que a decis\u00e3o foi tomada por \u201cuma profunda reflex\u00e3o\u201d sobre o que seria bom para continuar a servir o munic\u00edpio. \u201cQuero deixar claro [&hellip;]<\/p>\n","protected":false},"author":2,"featured_media":113753,"comment_status":"closed","ping_status":"open","sticky":false,"template":"","format":"standard","meta":{"footnotes":"","_links_to":"","_links_to_target":""},"categories":[1],"tags":[],"class_list":["post-113752","post","type-post","status-publish","format-standard","has-post-thumbnail","hentry","category-geral"],"views":838,"_links":{"self":[{"href":"https:\/\/www.sudoestehoje.com.br\/novoportal\/wp-json\/wp\/v2\/posts\/113752","targetHints":{"allow":["GET"]}}],"collection":[{"href":"https:\/\/www.sudoestehoje.com.br\/novoportal\/wp-json\/wp\/v2\/posts"}],"about":[{"href":"https:\/\/www.sudoestehoje.com.br\/novoportal\/wp-json\/wp\/v2\/types\/post"}],"author":[{"embeddable":true,"href":"https:\/\/www.sudoestehoje.com.br\/novoportal\/wp-json\/wp\/v2\/users\/2"}],"replies":[{"embeddable":true,"href":"https:\/\/www.sudoestehoje.com.br\/novoportal\/wp-json\/wp\/v2\/comments?post=113752"}],"version-history":[{"count":1,"href":"https:\/\/www.sudoestehoje.com.br\/novoportal\/wp-json\/wp\/v2\/posts\/113752\/revisions"}],"predecessor-version":[{"id":113754,"href":"https:\/\/www.sudoestehoje.com.br\/novoportal\/wp-json\/wp\/v2\/posts\/113752\/revisions\/113754"}],"wp:featuredmedia":[{"embeddable":true,"href":"https:\/\/www.sudoestehoje.com.br\/novoportal\/wp-json\/wp\/v2\/media\/113753"}],"wp:attachment":[{"href":"https:\/\/www.sudoestehoje.com.br\/novoportal\/wp-json\/wp\/v2\/media?parent=113752"}],"wp:term":[{"taxonomy":"category","embeddable":true,"href":"https:\/\/www.sudoestehoje.com.br\/novoportal\/wp-json\/wp\/v2\/categories?post=113752"},{"taxonomy":"post_tag","embeddable":true,"href":"https:\/\/www.sudoestehoje.com.br\/novoportal\/wp-json\/wp\/v2\/tags?post=113752"}],"curies":[{"name":"wp","href":"https:\/\/api.w.org\/{rel}","templated":true}]}}