
{"id":113747,"date":"2023-11-10T09:43:51","date_gmt":"2023-11-10T12:43:51","guid":{"rendered":"https:\/\/www.sudoestehoje.com.br\/novoportal\/?p=113747"},"modified":"2023-11-10T09:43:51","modified_gmt":"2023-11-10T12:43:51","slug":"sudoeste-adolescente-e-agredido-a-socos-e-pauladas-por-curtir-foto-de-uma-colega-na-internet","status":"publish","type":"post","link":"https:\/\/www.sudoestehoje.com.br\/novoportal\/2023\/11\/10\/sudoeste-adolescente-e-agredido-a-socos-e-pauladas-por-curtir-foto-de-uma-colega-na-internet\/","title":{"rendered":"SUDOESTE | ADOLESCENTE \u00c9 AGREDIDO A SOCOS E PAULADAS POR &#8216;CURTIR&#8217; FOTO DE UMA COLEGA NA INTERNET"},"content":{"rendered":"<p><img loading=\"lazy\" decoding=\"async\" class=\"alignnone  wp-image-113749\" src=\"https:\/\/www.sudoestehoje.com.br\/novoportal\/wp-content\/uploads\/2023\/11\/IMAGEM_NOTICIA_9-3-600x315.webp\" alt=\"\" width=\"550\" height=\"289\" srcset=\"https:\/\/www.sudoestehoje.com.br\/novoportal\/wp-content\/uploads\/2023\/11\/IMAGEM_NOTICIA_9-3-600x315.webp 600w, https:\/\/www.sudoestehoje.com.br\/novoportal\/wp-content\/uploads\/2023\/11\/IMAGEM_NOTICIA_9-3-700x368.webp 700w, https:\/\/www.sudoestehoje.com.br\/novoportal\/wp-content\/uploads\/2023\/11\/IMAGEM_NOTICIA_9-3-768x403.webp 768w, https:\/\/www.sudoestehoje.com.br\/novoportal\/wp-content\/uploads\/2023\/11\/IMAGEM_NOTICIA_9-3.webp 1200w\" sizes=\"auto, (max-width: 550px) 100vw, 550px\" \/><\/p>\n<p><strong>Um adolescente, de 17 anos, foi agredido com socos, chutes e pauladas em\u00a0Brumado, no Sert\u00e3o Produtivo, Sudoeste baiano. O caso ocorreu nesta quinta-feira (9) perto da Universidade Aberta do Brasil (UAB). Os suspeitos estudam no mesmo local.<\/strong><\/p>\n<p><strong>Segundo informa\u00e7\u00f5es, o adolescente tomava um refrigerante nas proximidades da UAB quando foi atacado. Ele ainda correu para um mercadinho, onde as agress\u00f5es se encerraram. Depois do fato, familiares do jovem registraram um boletim de ocorr\u00eancia na delegacia da cidade. Conforme a fam\u00edlia da v\u00edtima, a situa\u00e7\u00e3o ocorreu ap\u00f3s o adolescente curtir a foto de uma colega nas redes sociais.<\/strong><\/p>\n<p><strong>A m\u00e3e do menor, que n\u00e3o teve o nome informado, disse que o filho j\u00e1 vinha sofrendo amea\u00e7as desde a semana passada, e incialmente ocorreram pelas redes sociais. Um inqu\u00e9rito foi aberto para apurar o caso.<\/strong><\/p>\n","protected":false},"excerpt":{"rendered":"<p>Um adolescente, de 17 anos, foi agredido com socos, chutes e pauladas em\u00a0Brumado, no Sert\u00e3o Produtivo, Sudoeste baiano. O caso ocorreu nesta quinta-feira (9) perto da Universidade Aberta do Brasil (UAB). Os suspeitos estudam no mesmo local. Segundo informa\u00e7\u00f5es, o adolescente tomava um refrigerante nas proximidades da UAB quando foi atacado. Ele ainda correu para [&hellip;]<\/p>\n","protected":false},"author":2,"featured_media":113749,"comment_status":"closed","ping_status":"open","sticky":false,"template":"","format":"standard","meta":{"footnotes":"","_links_to":"","_links_to_target":""},"categories":[1],"tags":[],"class_list":["post-113747","post","type-post","status-publish","format-standard","has-post-thumbnail","hentry","category-geral"],"views":932,"_links":{"self":[{"href":"https:\/\/www.sudoestehoje.com.br\/novoportal\/wp-json\/wp\/v2\/posts\/113747","targetHints":{"allow":["GET"]}}],"collection":[{"href":"https:\/\/www.sudoestehoje.com.br\/novoportal\/wp-json\/wp\/v2\/posts"}],"about":[{"href":"https:\/\/www.sudoestehoje.com.br\/novoportal\/wp-json\/wp\/v2\/types\/post"}],"author":[{"embeddable":true,"href":"https:\/\/www.sudoestehoje.com.br\/novoportal\/wp-json\/wp\/v2\/users\/2"}],"replies":[{"embeddable":true,"href":"https:\/\/www.sudoestehoje.com.br\/novoportal\/wp-json\/wp\/v2\/comments?post=113747"}],"version-history":[{"count":3,"href":"https:\/\/www.sudoestehoje.com.br\/novoportal\/wp-json\/wp\/v2\/posts\/113747\/revisions"}],"predecessor-version":[{"id":113751,"href":"https:\/\/www.sudoestehoje.com.br\/novoportal\/wp-json\/wp\/v2\/posts\/113747\/revisions\/113751"}],"wp:featuredmedia":[{"embeddable":true,"href":"https:\/\/www.sudoestehoje.com.br\/novoportal\/wp-json\/wp\/v2\/media\/113749"}],"wp:attachment":[{"href":"https:\/\/www.sudoestehoje.com.br\/novoportal\/wp-json\/wp\/v2\/media?parent=113747"}],"wp:term":[{"taxonomy":"category","embeddable":true,"href":"https:\/\/www.sudoestehoje.com.br\/novoportal\/wp-json\/wp\/v2\/categories?post=113747"},{"taxonomy":"post_tag","embeddable":true,"href":"https:\/\/www.sudoestehoje.com.br\/novoportal\/wp-json\/wp\/v2\/tags?post=113747"}],"curies":[{"name":"wp","href":"https:\/\/api.w.org\/{rel}","templated":true}]}}