
{"id":113743,"date":"2023-11-10T09:24:05","date_gmt":"2023-11-10T12:24:05","guid":{"rendered":"https:\/\/www.sudoestehoje.com.br\/novoportal\/?p=113743"},"modified":"2023-11-10T09:24:05","modified_gmt":"2023-11-10T12:24:05","slug":"tres-pessoas-da-mesma-familia-morrem-em-acidente-na-regiao-de-feira-de-santana","status":"publish","type":"post","link":"https:\/\/www.sudoestehoje.com.br\/novoportal\/2023\/11\/10\/tres-pessoas-da-mesma-familia-morrem-em-acidente-na-regiao-de-feira-de-santana\/","title":{"rendered":"TR\u00caS PESSOAS DA MESMA FAM\u00cdLIA MORREM EM ACIDENTE NA REGI\u00c3O DE FEIRA DE SANTANA"},"content":{"rendered":"<p><img loading=\"lazy\" decoding=\"async\" class=\"alignnone  wp-image-113744\" src=\"https:\/\/www.sudoestehoje.com.br\/novoportal\/wp-content\/uploads\/2023\/11\/IMAGEM_NOTICIA_9-2-600x315.webp\" alt=\"\" width=\"549\" height=\"288\" srcset=\"https:\/\/www.sudoestehoje.com.br\/novoportal\/wp-content\/uploads\/2023\/11\/IMAGEM_NOTICIA_9-2-600x315.webp 600w, https:\/\/www.sudoestehoje.com.br\/novoportal\/wp-content\/uploads\/2023\/11\/IMAGEM_NOTICIA_9-2-700x368.webp 700w, https:\/\/www.sudoestehoje.com.br\/novoportal\/wp-content\/uploads\/2023\/11\/IMAGEM_NOTICIA_9-2-768x403.webp 768w, https:\/\/www.sudoestehoje.com.br\/novoportal\/wp-content\/uploads\/2023\/11\/IMAGEM_NOTICIA_9-2.webp 1200w\" sizes=\"auto, (max-width: 549px) 100vw, 549px\" \/><\/p>\n<p><strong>Tr\u00eas pessoas de uma mesma fam\u00edlia, entre elas uma crian\u00e7a, morreram em um acidente em um trecho da BR-116, perto de\u00a0<a href=\"https:\/\/www.bahianoticias.com.br\/tags\/santa-b%C3%A1rbara\" target=\"_blank\" rel=\"noopener\">Santa B\u00e1rbara<\/a>, no Portal do Sert\u00e3o. Segundo o\u00a0Acorda Cidade, as v\u00edtimas se deslocavam de Serrinha \u2013 na regi\u00e3o sisaleira, onde moravam \u2013 para Salvador para realizar um tratamento de sa\u00fade para a crian\u00e7a.<\/strong><\/p>\n<p><strong>O fato ocorreu ap\u00f3s uma batida entre o carro das v\u00edtimas, um Fiat Siena, e um caminh\u00e3o. Ao site, a inspetora da Pol\u00edcia Rodovi\u00e1ria Federal (PRF), L\u00edvia Marcelino, informou que o acidente ocorreu no km 382 da BR-116 Sul e que as v\u00edtimas ficaram presas \u00e0s ferragens. <\/strong><\/p>\n<p><strong>O ve\u00edculo ficou totalmente destru\u00eddo.\u00a0<\/strong><\/p>\n","protected":false},"excerpt":{"rendered":"<p>Tr\u00eas pessoas de uma mesma fam\u00edlia, entre elas uma crian\u00e7a, morreram em um acidente em um trecho da BR-116, perto de\u00a0Santa B\u00e1rbara, no Portal do Sert\u00e3o. Segundo o\u00a0Acorda Cidade, as v\u00edtimas se deslocavam de Serrinha \u2013 na regi\u00e3o sisaleira, onde moravam \u2013 para Salvador para realizar um tratamento de sa\u00fade para a crian\u00e7a. O fato [&hellip;]<\/p>\n","protected":false},"author":2,"featured_media":113744,"comment_status":"closed","ping_status":"open","sticky":false,"template":"","format":"standard","meta":{"footnotes":"","_links_to":"","_links_to_target":""},"categories":[1],"tags":[],"class_list":["post-113743","post","type-post","status-publish","format-standard","has-post-thumbnail","hentry","category-geral"],"views":637,"_links":{"self":[{"href":"https:\/\/www.sudoestehoje.com.br\/novoportal\/wp-json\/wp\/v2\/posts\/113743","targetHints":{"allow":["GET"]}}],"collection":[{"href":"https:\/\/www.sudoestehoje.com.br\/novoportal\/wp-json\/wp\/v2\/posts"}],"about":[{"href":"https:\/\/www.sudoestehoje.com.br\/novoportal\/wp-json\/wp\/v2\/types\/post"}],"author":[{"embeddable":true,"href":"https:\/\/www.sudoestehoje.com.br\/novoportal\/wp-json\/wp\/v2\/users\/2"}],"replies":[{"embeddable":true,"href":"https:\/\/www.sudoestehoje.com.br\/novoportal\/wp-json\/wp\/v2\/comments?post=113743"}],"version-history":[{"count":2,"href":"https:\/\/www.sudoestehoje.com.br\/novoportal\/wp-json\/wp\/v2\/posts\/113743\/revisions"}],"predecessor-version":[{"id":113746,"href":"https:\/\/www.sudoestehoje.com.br\/novoportal\/wp-json\/wp\/v2\/posts\/113743\/revisions\/113746"}],"wp:featuredmedia":[{"embeddable":true,"href":"https:\/\/www.sudoestehoje.com.br\/novoportal\/wp-json\/wp\/v2\/media\/113744"}],"wp:attachment":[{"href":"https:\/\/www.sudoestehoje.com.br\/novoportal\/wp-json\/wp\/v2\/media?parent=113743"}],"wp:term":[{"taxonomy":"category","embeddable":true,"href":"https:\/\/www.sudoestehoje.com.br\/novoportal\/wp-json\/wp\/v2\/categories?post=113743"},{"taxonomy":"post_tag","embeddable":true,"href":"https:\/\/www.sudoestehoje.com.br\/novoportal\/wp-json\/wp\/v2\/tags?post=113743"}],"curies":[{"name":"wp","href":"https:\/\/api.w.org\/{rel}","templated":true}]}}