
{"id":113738,"date":"2023-11-10T08:50:07","date_gmt":"2023-11-10T11:50:07","guid":{"rendered":"https:\/\/www.sudoestehoje.com.br\/novoportal\/?p=113738"},"modified":"2023-11-10T09:05:39","modified_gmt":"2023-11-10T12:05:39","slug":"itapetinga-briga-de-alunos-no-colegio-modelo-repercute-em-toda-a-bahia","status":"publish","type":"post","link":"https:\/\/www.sudoestehoje.com.br\/novoportal\/2023\/11\/10\/itapetinga-briga-de-alunos-no-colegio-modelo-repercute-em-toda-a-bahia\/","title":{"rendered":"ITAPETINGA | BRIGA DE ALUNOS NO COL\u00c9GIO MODELO REPERCUTE EM TODA A BAHIA"},"content":{"rendered":"<p><img loading=\"lazy\" decoding=\"async\" class=\"alignnone wp-image-113739\" src=\"https:\/\/www.sudoestehoje.com.br\/novoportal\/wp-content\/uploads\/2023\/11\/022EF072-4C05-40C7-A014-FE5BC18FD72E_Colegio-Modelo-de-Itapetinga.jpg\" alt=\"\" width=\"550\" height=\"275\" \/><\/p>\n<p><strong>Atrav\u00e9s do Jornal da Manh\u00e3 da TV Bahia, emissora afiliada da Rede Globo, uma briga que aconteceu na \u00faltima quinta-feira (9), no Col\u00e9gio Estadual Luiz Eduardo Magalh\u00e3es, conhecido como Col\u00e9gio Modelo, em Itapetinga, teve uma enorme repercuss\u00e3o negativa em todo o estado e at\u00e9 nacional.<\/strong><\/p>\n<p><strong>Nas imagens editadas pela TV, porque envolveu menores, d\u00e1 pra ver a viol\u00eancia de uma aluna de 17 anos ferindo outro colega com um estilete, nos bra\u00e7os e at\u00e9 na barriga, no meio da briga que travava com outra menor.<\/strong><\/p>\n<p><img loading=\"lazy\" decoding=\"async\" class=\"alignnone wp-image-113740\" src=\"https:\/\/www.sudoestehoje.com.br\/novoportal\/wp-content\/uploads\/2023\/11\/65d74595-1d4f-4ac6-90a5-070bd9394707-600x315.jpg\" alt=\"\" width=\"550\" height=\"289\" srcset=\"https:\/\/www.sudoestehoje.com.br\/novoportal\/wp-content\/uploads\/2023\/11\/65d74595-1d4f-4ac6-90a5-070bd9394707-600x315.jpg 600w, https:\/\/www.sudoestehoje.com.br\/novoportal\/wp-content\/uploads\/2023\/11\/65d74595-1d4f-4ac6-90a5-070bd9394707-700x367.jpg 700w, https:\/\/www.sudoestehoje.com.br\/novoportal\/wp-content\/uploads\/2023\/11\/65d74595-1d4f-4ac6-90a5-070bd9394707-768x403.jpg 768w, https:\/\/www.sudoestehoje.com.br\/novoportal\/wp-content\/uploads\/2023\/11\/65d74595-1d4f-4ac6-90a5-070bd9394707.jpg 1302w\" sizes=\"auto, (max-width: 550px) 100vw, 550px\" \/><\/p>\n<p><strong>De acordo com a policia civil, a menor e sua m\u00e3e foram conduzidas \u00e0s delegacia e ao Conselho Tutela, que devem apurar responsabilidades, devendo a menor responder por infra\u00e7\u00e3o an\u00e1loga a les\u00e3o corporal leve.<\/strong><\/p>\n<p><strong>Lament\u00e1vel&#8230;<\/strong><\/p>\n<p><strong>Reda\u00e7\u00e3o SH\u00a0<\/strong><\/p>\n","protected":false},"excerpt":{"rendered":"<p>Atrav\u00e9s do Jornal da Manh\u00e3 da TV Bahia, emissora afiliada da Rede Globo, uma briga que aconteceu na \u00faltima quinta-feira (9), no Col\u00e9gio Estadual Luiz Eduardo Magalh\u00e3es, conhecido como Col\u00e9gio Modelo, em Itapetinga, teve uma enorme repercuss\u00e3o negativa em todo o estado e at\u00e9 nacional. Nas imagens editadas pela TV, porque envolveu menores, d\u00e1 pra [&hellip;]<\/p>\n","protected":false},"author":2,"featured_media":113740,"comment_status":"closed","ping_status":"open","sticky":false,"template":"","format":"standard","meta":{"footnotes":"","_links_to":"","_links_to_target":""},"categories":[1],"tags":[],"class_list":["post-113738","post","type-post","status-publish","format-standard","has-post-thumbnail","hentry","category-geral"],"views":986,"_links":{"self":[{"href":"https:\/\/www.sudoestehoje.com.br\/novoportal\/wp-json\/wp\/v2\/posts\/113738","targetHints":{"allow":["GET"]}}],"collection":[{"href":"https:\/\/www.sudoestehoje.com.br\/novoportal\/wp-json\/wp\/v2\/posts"}],"about":[{"href":"https:\/\/www.sudoestehoje.com.br\/novoportal\/wp-json\/wp\/v2\/types\/post"}],"author":[{"embeddable":true,"href":"https:\/\/www.sudoestehoje.com.br\/novoportal\/wp-json\/wp\/v2\/users\/2"}],"replies":[{"embeddable":true,"href":"https:\/\/www.sudoestehoje.com.br\/novoportal\/wp-json\/wp\/v2\/comments?post=113738"}],"version-history":[{"count":2,"href":"https:\/\/www.sudoestehoje.com.br\/novoportal\/wp-json\/wp\/v2\/posts\/113738\/revisions"}],"predecessor-version":[{"id":113742,"href":"https:\/\/www.sudoestehoje.com.br\/novoportal\/wp-json\/wp\/v2\/posts\/113738\/revisions\/113742"}],"wp:featuredmedia":[{"embeddable":true,"href":"https:\/\/www.sudoestehoje.com.br\/novoportal\/wp-json\/wp\/v2\/media\/113740"}],"wp:attachment":[{"href":"https:\/\/www.sudoestehoje.com.br\/novoportal\/wp-json\/wp\/v2\/media?parent=113738"}],"wp:term":[{"taxonomy":"category","embeddable":true,"href":"https:\/\/www.sudoestehoje.com.br\/novoportal\/wp-json\/wp\/v2\/categories?post=113738"},{"taxonomy":"post_tag","embeddable":true,"href":"https:\/\/www.sudoestehoje.com.br\/novoportal\/wp-json\/wp\/v2\/tags?post=113738"}],"curies":[{"name":"wp","href":"https:\/\/api.w.org\/{rel}","templated":true}]}}