
{"id":113730,"date":"2023-11-09T09:14:23","date_gmt":"2023-11-09T12:14:23","guid":{"rendered":"https:\/\/www.sudoestehoje.com.br\/novoportal\/?p=113730"},"modified":"2023-11-09T09:14:23","modified_gmt":"2023-11-09T12:14:23","slug":"oeste-baiano-colisao-entre-carretas-deixa-dois-motoristas-mortos-em-luiz-eduardo-magalhaes","status":"publish","type":"post","link":"https:\/\/www.sudoestehoje.com.br\/novoportal\/2023\/11\/09\/oeste-baiano-colisao-entre-carretas-deixa-dois-motoristas-mortos-em-luiz-eduardo-magalhaes\/","title":{"rendered":"OESTE BAIANO | COLIS\u00c3O ENTRE CARRETAS DEIXA DOIS MOTORISTAS MORTOS EM LUIZ EDUARDO MAGALH\u00c3ES"},"content":{"rendered":"<p><img loading=\"lazy\" decoding=\"async\" class=\"alignnone  wp-image-113732\" src=\"https:\/\/www.sudoestehoje.com.br\/novoportal\/wp-content\/uploads\/2023\/11\/IMAGEM_NOTICIA_9-1-600x315.webp\" alt=\"\" width=\"550\" height=\"289\" srcset=\"https:\/\/www.sudoestehoje.com.br\/novoportal\/wp-content\/uploads\/2023\/11\/IMAGEM_NOTICIA_9-1-600x315.webp 600w, https:\/\/www.sudoestehoje.com.br\/novoportal\/wp-content\/uploads\/2023\/11\/IMAGEM_NOTICIA_9-1-700x368.webp 700w, https:\/\/www.sudoestehoje.com.br\/novoportal\/wp-content\/uploads\/2023\/11\/IMAGEM_NOTICIA_9-1-768x403.webp 768w, https:\/\/www.sudoestehoje.com.br\/novoportal\/wp-content\/uploads\/2023\/11\/IMAGEM_NOTICIA_9-1.webp 1200w\" sizes=\"auto, (max-width: 550px) 100vw, 550px\" \/><\/p>\n<p><strong>Dois motoristas morreram ap\u00f3s uma colis\u00e3o frontal entre duas carretas em um trecho da BA-460 de\u00a0Lu\u00eds Eduardo Magalh\u00e3es, no Extremo Oeste baiano. O fato ocorreu nesta quarta-feira (8) na altura do km 40 da rodovia, a 35 quil\u00f4metros da sede do munic\u00edpio.<\/strong><\/p>\n<p><strong>Segundo o\u00a0Blog do Braga, no impacto, o tanque do caminh\u00e3o que levava combust\u00edvel se soltou, provocando uma explos\u00e3o. As v\u00edtimas foram a \u00f3bito carbonizadas. Testemunhas relataram que o caminh\u00e3o com \u00f3leo diesel seguia na dire\u00e7\u00e3o do povoado de Placas, em Barreiras, quando teria sido surpreendido pela carreta que seguia no sentido contr\u00e1rio.<\/strong><\/p>\n<p><strong>O segundo ve\u00edculo tentava uma ultrapassagem, mas n\u00e3o conseguiu completar a manobra, colidindo com o caminh\u00e3o. O fogo que atingiu as carretas chegou a se alastrar por uma \u00e1rea de mata ao lado da pista. Equipes do 17\u00b0 BBM foram ao local e resgataram os corpos.<\/strong><\/p>\n","protected":false},"excerpt":{"rendered":"<p>Dois motoristas morreram ap\u00f3s uma colis\u00e3o frontal entre duas carretas em um trecho da BA-460 de\u00a0Lu\u00eds Eduardo Magalh\u00e3es, no Extremo Oeste baiano. O fato ocorreu nesta quarta-feira (8) na altura do km 40 da rodovia, a 35 quil\u00f4metros da sede do munic\u00edpio. Segundo o\u00a0Blog do Braga, no impacto, o tanque do caminh\u00e3o que levava combust\u00edvel [&hellip;]<\/p>\n","protected":false},"author":2,"featured_media":113732,"comment_status":"closed","ping_status":"open","sticky":false,"template":"","format":"standard","meta":{"footnotes":"","_links_to":"","_links_to_target":""},"categories":[1],"tags":[],"class_list":["post-113730","post","type-post","status-publish","format-standard","has-post-thumbnail","hentry","category-geral"],"views":989,"_links":{"self":[{"href":"https:\/\/www.sudoestehoje.com.br\/novoportal\/wp-json\/wp\/v2\/posts\/113730","targetHints":{"allow":["GET"]}}],"collection":[{"href":"https:\/\/www.sudoestehoje.com.br\/novoportal\/wp-json\/wp\/v2\/posts"}],"about":[{"href":"https:\/\/www.sudoestehoje.com.br\/novoportal\/wp-json\/wp\/v2\/types\/post"}],"author":[{"embeddable":true,"href":"https:\/\/www.sudoestehoje.com.br\/novoportal\/wp-json\/wp\/v2\/users\/2"}],"replies":[{"embeddable":true,"href":"https:\/\/www.sudoestehoje.com.br\/novoportal\/wp-json\/wp\/v2\/comments?post=113730"}],"version-history":[{"count":4,"href":"https:\/\/www.sudoestehoje.com.br\/novoportal\/wp-json\/wp\/v2\/posts\/113730\/revisions"}],"predecessor-version":[{"id":113735,"href":"https:\/\/www.sudoestehoje.com.br\/novoportal\/wp-json\/wp\/v2\/posts\/113730\/revisions\/113735"}],"wp:featuredmedia":[{"embeddable":true,"href":"https:\/\/www.sudoestehoje.com.br\/novoportal\/wp-json\/wp\/v2\/media\/113732"}],"wp:attachment":[{"href":"https:\/\/www.sudoestehoje.com.br\/novoportal\/wp-json\/wp\/v2\/media?parent=113730"}],"wp:term":[{"taxonomy":"category","embeddable":true,"href":"https:\/\/www.sudoestehoje.com.br\/novoportal\/wp-json\/wp\/v2\/categories?post=113730"},{"taxonomy":"post_tag","embeddable":true,"href":"https:\/\/www.sudoestehoje.com.br\/novoportal\/wp-json\/wp\/v2\/tags?post=113730"}],"curies":[{"name":"wp","href":"https:\/\/api.w.org\/{rel}","templated":true}]}}