
{"id":113725,"date":"2023-11-09T08:50:12","date_gmt":"2023-11-09T11:50:12","guid":{"rendered":"https:\/\/www.sudoestehoje.com.br\/novoportal\/?p=113725"},"modified":"2023-11-09T08:50:12","modified_gmt":"2023-11-09T11:50:12","slug":"sudoeste-presidente-da-camara-de-urandi-morre-em-acidente-prefeito-dirigia","status":"publish","type":"post","link":"https:\/\/www.sudoestehoje.com.br\/novoportal\/2023\/11\/09\/sudoeste-presidente-da-camara-de-urandi-morre-em-acidente-prefeito-dirigia\/","title":{"rendered":"SUDOESTE | PRESIDENTE DA C\u00c2MARA DE URANDI MORRE EM ACIDENTE; PREFEITO DIRIGIA"},"content":{"rendered":"<div id=\"chunk-4ioed\">\n<div class=\"mc-column content-text active-extra-styles \" data-block-type=\"unstyled\" data-block-weight=\"40\" data-block-id=\"2\">\n<p data-track-category=\"Link no Texto\" data-track-links=\"\"><img loading=\"lazy\" decoding=\"async\" class=\"alignnone  wp-image-113727\" src=\"https:\/\/www.sudoestehoje.com.br\/novoportal\/wp-content\/uploads\/2023\/11\/Gilmas-presidente-camara-Urandi-1200x675-1-600x338.jpg\" alt=\"\" width=\"550\" height=\"310\" srcset=\"https:\/\/www.sudoestehoje.com.br\/novoportal\/wp-content\/uploads\/2023\/11\/Gilmas-presidente-camara-Urandi-1200x675-1-600x338.jpg 600w, https:\/\/www.sudoestehoje.com.br\/novoportal\/wp-content\/uploads\/2023\/11\/Gilmas-presidente-camara-Urandi-1200x675-1-700x394.jpg 700w, https:\/\/www.sudoestehoje.com.br\/novoportal\/wp-content\/uploads\/2023\/11\/Gilmas-presidente-camara-Urandi-1200x675-1-768x432.jpg 768w, https:\/\/www.sudoestehoje.com.br\/novoportal\/wp-content\/uploads\/2023\/11\/Gilmas-presidente-camara-Urandi-1200x675-1.jpg 1200w\" sizes=\"auto, (max-width: 550px) 100vw, 550px\" \/><\/p>\n<p class=\" content-text__container \" data-track-category=\"Link no Texto\" data-track-links=\"\"><strong>O presidente da C\u00e2mara de Vereadores da cidade de\u00a0<a class=\"\" href=\"https:\/\/g1.globo.com\/ba\/bahia\/cidade\/urandi\/\">Urandi<\/a>, no sudoeste da Bahia, morreu ap\u00f3s um acidente de carro na BR-030, pr\u00f3ximo \u00e0 localidade conhecida como &#8216;curva da morte&#8217;, em Serra dos Brindes, na manh\u00e3 desta quarta-feira (8).<\/strong><\/p>\n<\/div>\n<\/div>\n<div class=\"wall protected-content\">\n<div id=\"chunk-3nei8\">\n<div class=\"mc-column content-text active-extra-styles \" data-block-type=\"unstyled\" data-block-weight=\"23\" data-block-id=\"4\">\n<p class=\" content-text__container \" data-track-category=\"Link no Texto\" data-track-links=\"\"><strong>Al\u00e9m de Gilmar Santos Pinto, o prefeito e o secret\u00e1rio de finan\u00e7as da cidade tamb\u00e9m estavam no ve\u00edculo, mas n\u00e3o tiveram ferimentos.<\/strong><\/p>\n<div id=\"chunk-4ioed\">\n<div class=\"mc-column content-text active-extra-styles \" data-block-type=\"unstyled\" data-block-weight=\"40\" data-block-id=\"2\"><strong>\u00a0A caminhonete que transportava as autoridades colidiu com um <span class=\"highlight highlighted\">caminh\u00e3o que estava estacionado na pista de rolamento por causa de problemas mec\u00e2nicos.\u00a0<\/span>N\u00e3o h\u00e1 detalhes sobre o que teria causado a batida entre os ve\u00edculos.<\/strong><\/div>\n<div data-block-type=\"unstyled\" data-block-weight=\"40\" data-block-id=\"2\"><img loading=\"lazy\" decoding=\"async\" class=\"alignnone  wp-image-113728\" src=\"https:\/\/www.sudoestehoje.com.br\/novoportal\/wp-content\/uploads\/2023\/11\/whatsapp-image-2023-11-08-at-16.28.41-600x270.webp\" alt=\"\" width=\"551\" height=\"248\" srcset=\"https:\/\/www.sudoestehoje.com.br\/novoportal\/wp-content\/uploads\/2023\/11\/whatsapp-image-2023-11-08-at-16.28.41-600x270.webp 600w, https:\/\/www.sudoestehoje.com.br\/novoportal\/wp-content\/uploads\/2023\/11\/whatsapp-image-2023-11-08-at-16.28.41-700x314.webp 700w, https:\/\/www.sudoestehoje.com.br\/novoportal\/wp-content\/uploads\/2023\/11\/whatsapp-image-2023-11-08-at-16.28.41-768x345.webp 768w, https:\/\/www.sudoestehoje.com.br\/novoportal\/wp-content\/uploads\/2023\/11\/whatsapp-image-2023-11-08-at-16.28.41.webp 984w\" sizes=\"auto, (max-width: 551px) 100vw, 551px\" \/><\/div>\n<\/div>\n<div class=\"wall protected-content\">\n<div id=\"chunk-3nei8\">\n<div class=\"mc-column content-text active-extra-styles \" data-block-type=\"unstyled\" data-block-weight=\"23\" data-block-id=\"4\">\n<p data-track-category=\"Link no Texto\" data-track-links=\"\"><strong>O prefeito de Urandi, Warlei Oliveira, e o secret\u00e1rio de Finan\u00e7as Luiz de Deus, n\u00e3o ficaram feridos no acidente e passam bem. Gilmar Santos chegou a ser socorrido para o Hospital Geral de\u00a0<a class=\"\" href=\"https:\/\/g1.globo.com\/ba\/bahia\/cidade\/guanambi\/\">Guanambi<\/a>, tamb\u00e9m no sudoeste da Bahia, mas n\u00e3o resistiu aos ferimentos.<\/strong><\/p>\n<div id=\"chunk-3abo0\">\n<div class=\"mc-column content-text active-extra-styles \" data-block-type=\"unstyled\" data-block-weight=\"45\" data-block-id=\"12\">\n<p class=\" content-text__container \" data-track-category=\"Link no Texto\" data-track-links=\"\"><strong>Com o impacto, a lateral da caminhonete ficou totalmente destru\u00edda. O caminh\u00e3o que estava estacionado na pista de rolamentos estava desocupado. Segundo a Diretoria de Tr\u00e2nsito de Guanambi, que esteve no local, os dois ve\u00edculos estavam com a documenta\u00e7\u00e3o regularizada e os condutores eram habilitados.<\/strong><\/p>\n<\/div>\n<\/div>\n<div id=\"chunk-e2j82\">\n<div class=\"mc-column content-text active-extra-styles \" data-block-type=\"unstyled\" data-block-weight=\"19\" data-block-id=\"13\">\n<p class=\" content-text__container \" data-track-category=\"Link no Texto\" data-track-links=\"\"><strong>Em uma rede social, a C\u00e2mara de Vereadores da cidade divulgou uma nota de pesar pela morte do presidente.<\/strong><\/p>\n<\/div>\n<\/div>\n<\/div>\n<\/div>\n<\/div>\n<\/div>\n<\/div>\n<\/div>\n","protected":false},"excerpt":{"rendered":"<p>O presidente da C\u00e2mara de Vereadores da cidade de\u00a0Urandi, no sudoeste da Bahia, morreu ap\u00f3s um acidente de carro na BR-030, pr\u00f3ximo \u00e0 localidade conhecida como &#8216;curva da morte&#8217;, em Serra dos Brindes, na manh\u00e3 desta quarta-feira (8). Al\u00e9m de Gilmar Santos Pinto, o prefeito e o secret\u00e1rio de finan\u00e7as da cidade tamb\u00e9m estavam no [&hellip;]<\/p>\n","protected":false},"author":2,"featured_media":113728,"comment_status":"closed","ping_status":"open","sticky":false,"template":"","format":"standard","meta":{"footnotes":"","_links_to":"","_links_to_target":""},"categories":[1],"tags":[],"class_list":["post-113725","post","type-post","status-publish","format-standard","has-post-thumbnail","hentry","category-geral"],"views":948,"_links":{"self":[{"href":"https:\/\/www.sudoestehoje.com.br\/novoportal\/wp-json\/wp\/v2\/posts\/113725","targetHints":{"allow":["GET"]}}],"collection":[{"href":"https:\/\/www.sudoestehoje.com.br\/novoportal\/wp-json\/wp\/v2\/posts"}],"about":[{"href":"https:\/\/www.sudoestehoje.com.br\/novoportal\/wp-json\/wp\/v2\/types\/post"}],"author":[{"embeddable":true,"href":"https:\/\/www.sudoestehoje.com.br\/novoportal\/wp-json\/wp\/v2\/users\/2"}],"replies":[{"embeddable":true,"href":"https:\/\/www.sudoestehoje.com.br\/novoportal\/wp-json\/wp\/v2\/comments?post=113725"}],"version-history":[{"count":2,"href":"https:\/\/www.sudoestehoje.com.br\/novoportal\/wp-json\/wp\/v2\/posts\/113725\/revisions"}],"predecessor-version":[{"id":113729,"href":"https:\/\/www.sudoestehoje.com.br\/novoportal\/wp-json\/wp\/v2\/posts\/113725\/revisions\/113729"}],"wp:featuredmedia":[{"embeddable":true,"href":"https:\/\/www.sudoestehoje.com.br\/novoportal\/wp-json\/wp\/v2\/media\/113728"}],"wp:attachment":[{"href":"https:\/\/www.sudoestehoje.com.br\/novoportal\/wp-json\/wp\/v2\/media?parent=113725"}],"wp:term":[{"taxonomy":"category","embeddable":true,"href":"https:\/\/www.sudoestehoje.com.br\/novoportal\/wp-json\/wp\/v2\/categories?post=113725"},{"taxonomy":"post_tag","embeddable":true,"href":"https:\/\/www.sudoestehoje.com.br\/novoportal\/wp-json\/wp\/v2\/tags?post=113725"}],"curies":[{"name":"wp","href":"https:\/\/api.w.org\/{rel}","templated":true}]}}