
{"id":113704,"date":"2023-11-07T16:19:55","date_gmt":"2023-11-07T19:19:55","guid":{"rendered":"https:\/\/www.sudoestehoje.com.br\/novoportal\/?p=113704"},"modified":"2023-11-07T16:27:57","modified_gmt":"2023-11-07T19:27:57","slug":"luto-morre-linda-da-decorarte-em-grave-acidente-na-ba-263-entre-itapetinga-e-itambe","status":"publish","type":"post","link":"https:\/\/www.sudoestehoje.com.br\/novoportal\/2023\/11\/07\/luto-morre-linda-da-decorarte-em-grave-acidente-na-ba-263-entre-itapetinga-e-itambe\/","title":{"rendered":"LUTO | MORRE LINDA DA DECOR&#8217;ART, EM GRAVE ACIDENTE NA BA-263, ENTRE ITAPETINGA E ITAMB\u00c9"},"content":{"rendered":"<p><img loading=\"lazy\" decoding=\"async\" class=\"alignnone wp-image-113706\" src=\"https:\/\/www.sudoestehoje.com.br\/novoportal\/wp-content\/uploads\/2023\/11\/9b9d058a-8cef-4472-bf17-496c96cc877b-600x417.jpg\" alt=\"\" width=\"551\" height=\"383\" srcset=\"https:\/\/www.sudoestehoje.com.br\/novoportal\/wp-content\/uploads\/2023\/11\/9b9d058a-8cef-4472-bf17-496c96cc877b-600x417.jpg 600w, https:\/\/www.sudoestehoje.com.br\/novoportal\/wp-content\/uploads\/2023\/11\/9b9d058a-8cef-4472-bf17-496c96cc877b-700x487.jpg 700w, https:\/\/www.sudoestehoje.com.br\/novoportal\/wp-content\/uploads\/2023\/11\/9b9d058a-8cef-4472-bf17-496c96cc877b-768x534.jpg 768w, https:\/\/www.sudoestehoje.com.br\/novoportal\/wp-content\/uploads\/2023\/11\/9b9d058a-8cef-4472-bf17-496c96cc877b.jpg 779w\" sizes=\"auto, (max-width: 551px) 100vw, 551px\" \/><\/p>\n<p><strong>Faleceu, na tarde desta ter\u00e7a-feira (7), a conhecida microempres\u00e1ria Linda da Decor&#8217;Art, em grave acidente ocorrido na Ba-263, trecho entre Itapetitiga e Itamb\u00e9, pr\u00f3ximo \u00e0 localidade conhecida como Mata Escura.<\/strong><\/p>\n<p><strong>De acordo com informa\u00e7\u00f5es, o seu ve\u00edculo e um pequeno caminh\u00e3o ba\u00fa se chocaram de frente, o que levou \u00e0 morte da empres\u00e1ria no pr\u00f3prio local.<\/strong><\/p>\n<p><strong>Linda era irm\u00e3 do servidor p\u00fablico Jorge Beu, Jo\u00e1s e Joel, pessoas muito conhecidas e queridas em Itapetinga.<\/strong><\/p>\n<p><img loading=\"lazy\" decoding=\"async\" class=\"alignnone wp-image-113708\" src=\"https:\/\/www.sudoestehoje.com.br\/novoportal\/wp-content\/uploads\/2023\/11\/82427a05-5fb4-4368-b873-9760c29b9eb8-600x450.jpg\" alt=\"\" width=\"551\" height=\"413\" srcset=\"https:\/\/www.sudoestehoje.com.br\/novoportal\/wp-content\/uploads\/2023\/11\/82427a05-5fb4-4368-b873-9760c29b9eb8-600x450.jpg 600w, https:\/\/www.sudoestehoje.com.br\/novoportal\/wp-content\/uploads\/2023\/11\/82427a05-5fb4-4368-b873-9760c29b9eb8-700x525.jpg 700w, https:\/\/www.sudoestehoje.com.br\/novoportal\/wp-content\/uploads\/2023\/11\/82427a05-5fb4-4368-b873-9760c29b9eb8-768x576.jpg 768w, https:\/\/www.sudoestehoje.com.br\/novoportal\/wp-content\/uploads\/2023\/11\/82427a05-5fb4-4368-b873-9760c29b9eb8.jpg 1280w\" sizes=\"auto, (max-width: 551px) 100vw, 551px\" \/><\/p>\n<p><strong>O Sudoeste Hoje lamenta profundamente o ocorrido e estende seu pesar \u00e0 fam\u00edlia enlutada, amigos e colegas de trabalho.<\/strong><\/p>\n<p><strong>O corpo foi encaminhado ao IML de Itapetinga e dever\u00e1 ser liberado ainda hoje, devendo ser sepultado nesta quarta (8).<\/strong><\/p>\n<p><strong>Por Davi Ferraz<\/strong><\/p>\n","protected":false},"excerpt":{"rendered":"<p>Faleceu, na tarde desta ter\u00e7a-feira (7), a conhecida microempres\u00e1ria Linda da Decor&#8217;Art, em grave acidente ocorrido na Ba-263, trecho entre Itapetitiga e Itamb\u00e9, pr\u00f3ximo \u00e0 localidade conhecida como Mata Escura. De acordo com informa\u00e7\u00f5es, o seu ve\u00edculo e um pequeno caminh\u00e3o ba\u00fa se chocaram de frente, o que levou \u00e0 morte da empres\u00e1ria no pr\u00f3prio [&hellip;]<\/p>\n","protected":false},"author":2,"featured_media":113706,"comment_status":"closed","ping_status":"open","sticky":false,"template":"","format":"standard","meta":{"footnotes":"","_links_to":"","_links_to_target":""},"categories":[1],"tags":[],"class_list":["post-113704","post","type-post","status-publish","format-standard","has-post-thumbnail","hentry","category-geral"],"views":2798,"_links":{"self":[{"href":"https:\/\/www.sudoestehoje.com.br\/novoportal\/wp-json\/wp\/v2\/posts\/113704","targetHints":{"allow":["GET"]}}],"collection":[{"href":"https:\/\/www.sudoestehoje.com.br\/novoportal\/wp-json\/wp\/v2\/posts"}],"about":[{"href":"https:\/\/www.sudoestehoje.com.br\/novoportal\/wp-json\/wp\/v2\/types\/post"}],"author":[{"embeddable":true,"href":"https:\/\/www.sudoestehoje.com.br\/novoportal\/wp-json\/wp\/v2\/users\/2"}],"replies":[{"embeddable":true,"href":"https:\/\/www.sudoestehoje.com.br\/novoportal\/wp-json\/wp\/v2\/comments?post=113704"}],"version-history":[{"count":6,"href":"https:\/\/www.sudoestehoje.com.br\/novoportal\/wp-json\/wp\/v2\/posts\/113704\/revisions"}],"predecessor-version":[{"id":113712,"href":"https:\/\/www.sudoestehoje.com.br\/novoportal\/wp-json\/wp\/v2\/posts\/113704\/revisions\/113712"}],"wp:featuredmedia":[{"embeddable":true,"href":"https:\/\/www.sudoestehoje.com.br\/novoportal\/wp-json\/wp\/v2\/media\/113706"}],"wp:attachment":[{"href":"https:\/\/www.sudoestehoje.com.br\/novoportal\/wp-json\/wp\/v2\/media?parent=113704"}],"wp:term":[{"taxonomy":"category","embeddable":true,"href":"https:\/\/www.sudoestehoje.com.br\/novoportal\/wp-json\/wp\/v2\/categories?post=113704"},{"taxonomy":"post_tag","embeddable":true,"href":"https:\/\/www.sudoestehoje.com.br\/novoportal\/wp-json\/wp\/v2\/tags?post=113704"}],"curies":[{"name":"wp","href":"https:\/\/api.w.org\/{rel}","templated":true}]}}