
{"id":113691,"date":"2023-11-07T08:46:19","date_gmt":"2023-11-07T11:46:19","guid":{"rendered":"https:\/\/www.sudoestehoje.com.br\/novoportal\/?p=113691"},"modified":"2023-11-07T08:46:19","modified_gmt":"2023-11-07T11:46:19","slug":"pista-perigosa-mais-um-acidente-na-ba-263-entre-itapetinga-e-itambe","status":"publish","type":"post","link":"https:\/\/www.sudoestehoje.com.br\/novoportal\/2023\/11\/07\/pista-perigosa-mais-um-acidente-na-ba-263-entre-itapetinga-e-itambe\/","title":{"rendered":"PISTA PERIGOSA | MAIS UM ACIDENTE NA BA-263 ENTRE ITAPETINGA E ITAMB\u00c9"},"content":{"rendered":"<p><img loading=\"lazy\" decoding=\"async\" class=\"alignnone  wp-image-113692\" src=\"https:\/\/www.sudoestehoje.com.br\/novoportal\/wp-content\/uploads\/2023\/11\/771a62d6-f7ca-44e5-88d5-2492f9bb344c-600x369.jpg\" alt=\"\" width=\"550\" height=\"338\" srcset=\"https:\/\/www.sudoestehoje.com.br\/novoportal\/wp-content\/uploads\/2023\/11\/771a62d6-f7ca-44e5-88d5-2492f9bb344c-600x369.jpg 600w, https:\/\/www.sudoestehoje.com.br\/novoportal\/wp-content\/uploads\/2023\/11\/771a62d6-f7ca-44e5-88d5-2492f9bb344c-700x431.jpg 700w, https:\/\/www.sudoestehoje.com.br\/novoportal\/wp-content\/uploads\/2023\/11\/771a62d6-f7ca-44e5-88d5-2492f9bb344c-768x473.jpg 768w, https:\/\/www.sudoestehoje.com.br\/novoportal\/wp-content\/uploads\/2023\/11\/771a62d6-f7ca-44e5-88d5-2492f9bb344c.jpg 856w\" sizes=\"auto, (max-width: 550px) 100vw, 550px\" \/><\/p>\n<p><strong>Na tarde desta segunda-feira (6), um carro de passeio enfrentou um grave incidente na rodovia BA-263, no trecho que conecta as cidades de Itapetinga e Itamb\u00e9. O ve\u00edculo saiu da pista e capotou, resultando em uma cena impressionante.<\/strong><\/p>\n<p><strong>Al\u00e9m da buraqueira e remendos da velha estrada, estava chovendo no momento do acidente.<\/strong><\/p>\n<p><strong>O registro de acidentes neste trecho da BA-263 \u00e9 constante, principalmente nos feriad\u00f5es, quando o movimento do tr\u00e1fico \u00e9 mais intenso.<\/strong><\/p>\n<p><strong>Desta vez, felizmente, ningu\u00e9m se feriu gravemente&#8230;<\/strong><\/p>\n<p><strong>Reda\u00e7\u00e3o SH\u00a0<\/strong><\/p>\n","protected":false},"excerpt":{"rendered":"<p>Na tarde desta segunda-feira (6), um carro de passeio enfrentou um grave incidente na rodovia BA-263, no trecho que conecta as cidades de Itapetinga e Itamb\u00e9. O ve\u00edculo saiu da pista e capotou, resultando em uma cena impressionante. Al\u00e9m da buraqueira e remendos da velha estrada, estava chovendo no momento do acidente. O registro de [&hellip;]<\/p>\n","protected":false},"author":2,"featured_media":113692,"comment_status":"closed","ping_status":"open","sticky":false,"template":"","format":"standard","meta":{"footnotes":"","_links_to":"","_links_to_target":""},"categories":[1],"tags":[],"class_list":["post-113691","post","type-post","status-publish","format-standard","has-post-thumbnail","hentry","category-geral"],"views":1320,"_links":{"self":[{"href":"https:\/\/www.sudoestehoje.com.br\/novoportal\/wp-json\/wp\/v2\/posts\/113691","targetHints":{"allow":["GET"]}}],"collection":[{"href":"https:\/\/www.sudoestehoje.com.br\/novoportal\/wp-json\/wp\/v2\/posts"}],"about":[{"href":"https:\/\/www.sudoestehoje.com.br\/novoportal\/wp-json\/wp\/v2\/types\/post"}],"author":[{"embeddable":true,"href":"https:\/\/www.sudoestehoje.com.br\/novoportal\/wp-json\/wp\/v2\/users\/2"}],"replies":[{"embeddable":true,"href":"https:\/\/www.sudoestehoje.com.br\/novoportal\/wp-json\/wp\/v2\/comments?post=113691"}],"version-history":[{"count":1,"href":"https:\/\/www.sudoestehoje.com.br\/novoportal\/wp-json\/wp\/v2\/posts\/113691\/revisions"}],"predecessor-version":[{"id":113693,"href":"https:\/\/www.sudoestehoje.com.br\/novoportal\/wp-json\/wp\/v2\/posts\/113691\/revisions\/113693"}],"wp:featuredmedia":[{"embeddable":true,"href":"https:\/\/www.sudoestehoje.com.br\/novoportal\/wp-json\/wp\/v2\/media\/113692"}],"wp:attachment":[{"href":"https:\/\/www.sudoestehoje.com.br\/novoportal\/wp-json\/wp\/v2\/media?parent=113691"}],"wp:term":[{"taxonomy":"category","embeddable":true,"href":"https:\/\/www.sudoestehoje.com.br\/novoportal\/wp-json\/wp\/v2\/categories?post=113691"},{"taxonomy":"post_tag","embeddable":true,"href":"https:\/\/www.sudoestehoje.com.br\/novoportal\/wp-json\/wp\/v2\/tags?post=113691"}],"curies":[{"name":"wp","href":"https:\/\/api.w.org\/{rel}","templated":true}]}}