
{"id":113685,"date":"2023-11-06T19:27:28","date_gmt":"2023-11-06T22:27:28","guid":{"rendered":"https:\/\/www.sudoestehoje.com.br\/novoportal\/?p=113685"},"modified":"2023-11-06T19:32:39","modified_gmt":"2023-11-06T22:32:39","slug":"onibus-da-aguia-branca-pega-fogo-apos-bater-em-carreta-na-br-101","status":"publish","type":"post","link":"https:\/\/www.sudoestehoje.com.br\/novoportal\/2023\/11\/06\/onibus-da-aguia-branca-pega-fogo-apos-bater-em-carreta-na-br-101\/","title":{"rendered":"\u00d4NIBUS DA \u00c1GUIA BRANCA PEGA FOGO AP\u00d3S BATER EM CARRETA NA BR-101"},"content":{"rendered":"<p><img loading=\"lazy\" decoding=\"async\" class=\"alignnone wp-image-113686\" src=\"https:\/\/www.sudoestehoje.com.br\/novoportal\/wp-content\/uploads\/2023\/11\/Imagem-do-WhatsApp-de-2023-11-06-as-07.39.29_44dee68a-600x386.png\" alt=\"\" width=\"549\" height=\"353\" srcset=\"https:\/\/www.sudoestehoje.com.br\/novoportal\/wp-content\/uploads\/2023\/11\/Imagem-do-WhatsApp-de-2023-11-06-as-07.39.29_44dee68a-600x386.png 600w, https:\/\/www.sudoestehoje.com.br\/novoportal\/wp-content\/uploads\/2023\/11\/Imagem-do-WhatsApp-de-2023-11-06-as-07.39.29_44dee68a-700x450.png 700w, https:\/\/www.sudoestehoje.com.br\/novoportal\/wp-content\/uploads\/2023\/11\/Imagem-do-WhatsApp-de-2023-11-06-as-07.39.29_44dee68a.png 720w\" sizes=\"auto, (max-width: 549px) 100vw, 549px\" \/><\/p>\n<p><strong>Um \u00f4nibus da Via\u00e7\u00e3o \u00c1guia Branca pegou fogo ap\u00f3s colidir com uma carreta, na noite deste domingo (5), na BR-101, pr\u00f3ximo ao munic\u00edpio de Sapea\u00e7u, no interior da Bahia. Ningu\u00e9m se feriu, segundo a empresa de transporte.<\/strong><\/p>\n<p><strong>A Via\u00e7\u00e3o \u00c1guia Branca informa que o ve\u00edculo fazia a linha Ilh\u00e9us-Salvador e que todos os passageiros deixaram o \u00f4nibus logo ap\u00f3s a batida. \u201cEntretanto, em fun\u00e7\u00e3o da colis\u00e3o, o \u00f4nibus se incendiou\u201d, diz trecho da nota divulgada pela empresa.<\/strong><\/p>\n<p><strong>Ainda de acordo com a empresa, uma equipe de apoio prestou suporte imediato aos passageiros, que foram realocados em outros ve\u00edculos e seguiram viagem.<\/strong><\/p>\n<p><strong>A nota n\u00e3o menciona se houve danos materiais para os clientes da operadora, a exemplo da poss\u00edvel incinera\u00e7\u00e3o de bagagens. A causa do acidente ser\u00e1 investigada pela Pol\u00edcia Rodovi\u00e1ria Federal (PRF). <em>\/\/Pimenta<\/em><\/strong><\/p>\n","protected":false},"excerpt":{"rendered":"<p>Um \u00f4nibus da Via\u00e7\u00e3o \u00c1guia Branca pegou fogo ap\u00f3s colidir com uma carreta, na noite deste domingo (5), na BR-101, pr\u00f3ximo ao munic\u00edpio de Sapea\u00e7u, no interior da Bahia. Ningu\u00e9m se feriu, segundo a empresa de transporte. A Via\u00e7\u00e3o \u00c1guia Branca informa que o ve\u00edculo fazia a linha Ilh\u00e9us-Salvador e que todos os passageiros deixaram [&hellip;]<\/p>\n","protected":false},"author":2,"featured_media":113686,"comment_status":"closed","ping_status":"open","sticky":false,"template":"","format":"standard","meta":{"footnotes":"","_links_to":"","_links_to_target":""},"categories":[1],"tags":[],"class_list":["post-113685","post","type-post","status-publish","format-standard","has-post-thumbnail","hentry","category-geral"],"views":2924,"_links":{"self":[{"href":"https:\/\/www.sudoestehoje.com.br\/novoportal\/wp-json\/wp\/v2\/posts\/113685","targetHints":{"allow":["GET"]}}],"collection":[{"href":"https:\/\/www.sudoestehoje.com.br\/novoportal\/wp-json\/wp\/v2\/posts"}],"about":[{"href":"https:\/\/www.sudoestehoje.com.br\/novoportal\/wp-json\/wp\/v2\/types\/post"}],"author":[{"embeddable":true,"href":"https:\/\/www.sudoestehoje.com.br\/novoportal\/wp-json\/wp\/v2\/users\/2"}],"replies":[{"embeddable":true,"href":"https:\/\/www.sudoestehoje.com.br\/novoportal\/wp-json\/wp\/v2\/comments?post=113685"}],"version-history":[{"count":2,"href":"https:\/\/www.sudoestehoje.com.br\/novoportal\/wp-json\/wp\/v2\/posts\/113685\/revisions"}],"predecessor-version":[{"id":113688,"href":"https:\/\/www.sudoestehoje.com.br\/novoportal\/wp-json\/wp\/v2\/posts\/113685\/revisions\/113688"}],"wp:featuredmedia":[{"embeddable":true,"href":"https:\/\/www.sudoestehoje.com.br\/novoportal\/wp-json\/wp\/v2\/media\/113686"}],"wp:attachment":[{"href":"https:\/\/www.sudoestehoje.com.br\/novoportal\/wp-json\/wp\/v2\/media?parent=113685"}],"wp:term":[{"taxonomy":"category","embeddable":true,"href":"https:\/\/www.sudoestehoje.com.br\/novoportal\/wp-json\/wp\/v2\/categories?post=113685"},{"taxonomy":"post_tag","embeddable":true,"href":"https:\/\/www.sudoestehoje.com.br\/novoportal\/wp-json\/wp\/v2\/tags?post=113685"}],"curies":[{"name":"wp","href":"https:\/\/api.w.org\/{rel}","templated":true}]}}