
{"id":113673,"date":"2023-11-06T16:03:50","date_gmt":"2023-11-06T19:03:50","guid":{"rendered":"https:\/\/www.sudoestehoje.com.br\/novoportal\/?p=113673"},"modified":"2023-11-06T16:03:50","modified_gmt":"2023-11-06T19:03:50","slug":"bahia-registra-alta-de-mais-de-130-no-numero-de-casos-de-covid-19-itabuna-lidera","status":"publish","type":"post","link":"https:\/\/www.sudoestehoje.com.br\/novoportal\/2023\/11\/06\/bahia-registra-alta-de-mais-de-130-no-numero-de-casos-de-covid-19-itabuna-lidera\/","title":{"rendered":"BAHIA REGISTRA ALTA DE MAIS DE 130% NO N\u00daMERO DE CASOS DE COVID-19; ITABUNA LIDERA"},"content":{"rendered":"<div id=\"chunk-206ru\">\n<div class=\"mc-column content-text active-extra-styles \" data-block-type=\"unstyled\" data-block-weight=\"53\" data-block-id=\"2\">\n<p data-track-category=\"Link no Texto\" data-track-links=\"\"><img loading=\"lazy\" decoding=\"async\" class=\"alignnone wp-image-113674\" src=\"https:\/\/www.sudoestehoje.com.br\/novoportal\/wp-content\/uploads\/2023\/11\/whatsapp-image-2023-06-17-at-18.06.22-1--600x390.webp\" alt=\"\" width=\"549\" height=\"357\" srcset=\"https:\/\/www.sudoestehoje.com.br\/novoportal\/wp-content\/uploads\/2023\/11\/whatsapp-image-2023-06-17-at-18.06.22-1--600x390.webp 600w, https:\/\/www.sudoestehoje.com.br\/novoportal\/wp-content\/uploads\/2023\/11\/whatsapp-image-2023-06-17-at-18.06.22-1--700x455.webp 700w, https:\/\/www.sudoestehoje.com.br\/novoportal\/wp-content\/uploads\/2023\/11\/whatsapp-image-2023-06-17-at-18.06.22-1--768x500.webp 768w, https:\/\/www.sudoestehoje.com.br\/novoportal\/wp-content\/uploads\/2023\/11\/whatsapp-image-2023-06-17-at-18.06.22-1-.webp 984w\" sizes=\"auto, (max-width: 549px) 100vw, 549px\" \/><\/p>\n<p class=\" content-text__container \" data-track-category=\"Link no Texto\" data-track-links=\"\"><strong>A Bahia teve um aumento de 131,2% em casos de covid-19 registrados na \u00faltima semana \u2013 de 29 de outubro a 4 de novembro, com um total de 654 testes positivos. Esse percentual foi registrado em compara\u00e7\u00e3o com semana anterior \u2013 de 22 a 28 de outubro \u2013, quando 279 casos foram contabilizados.<\/strong><\/p>\n<\/div>\n<\/div>\n<div class=\"wall protected-content\">\n<div id=\"chunk-5s5lq\">\n<div class=\"mc-column content-text active-extra-styles\" data-block-type=\"raw\" data-block-weight=\"11\" data-block-id=\"4\">\n<p><strong>Os dados s\u00e3o referentes aos testes feitos nos pontos disponibilizados pelo estado e prefeituras, e tamb\u00e9m aos exames feitos em laborat\u00f3rios particulares, mas n\u00e3o engloba testes de farm\u00e1cia.<\/strong><\/p>\n<\/div>\n<\/div>\n<div id=\"chunk-e8ols\">\n<div class=\"mc-column content-text active-extra-styles \" data-block-type=\"unstyled\" data-block-weight=\"46\" data-block-id=\"6\">\n<p class=\" content-text__container \" data-track-category=\"Link no Texto\" data-track-links=\"\"><strong>Com sintomas atenuados por causa da vacina\u00e7\u00e3o, a covid-19 tem sido confundida com gripes e resfriados. Por isso, as pessoas t\u00eam buscado menos os testes oficiais, o que dificulta a contabiliza\u00e7\u00e3o dos dados pelos \u00f3rg\u00e3os oficiais, portanto, n\u00e3o d\u00e1 para saber o total exato de doentes.\u00a0<\/strong><\/p>\n<p data-track-category=\"Link no Texto\" data-track-links=\"\"><strong>Segundo a Sesab, a cidade de Itabuna, no Sul da Bahia, registra o maior n\u00famero de casos ativos em todo o estado.<\/strong><\/p>\n<\/div>\n<\/div>\n<\/div>\n","protected":false},"excerpt":{"rendered":"<p>A Bahia teve um aumento de 131,2% em casos de covid-19 registrados na \u00faltima semana \u2013 de 29 de outubro a 4 de novembro, com um total de 654 testes positivos. Esse percentual foi registrado em compara\u00e7\u00e3o com semana anterior \u2013 de 22 a 28 de outubro \u2013, quando 279 casos foram contabilizados. Os dados [&hellip;]<\/p>\n","protected":false},"author":2,"featured_media":113674,"comment_status":"closed","ping_status":"open","sticky":false,"template":"","format":"standard","meta":{"footnotes":"","_links_to":"","_links_to_target":""},"categories":[1],"tags":[],"class_list":["post-113673","post","type-post","status-publish","format-standard","has-post-thumbnail","hentry","category-geral"],"views":683,"_links":{"self":[{"href":"https:\/\/www.sudoestehoje.com.br\/novoportal\/wp-json\/wp\/v2\/posts\/113673","targetHints":{"allow":["GET"]}}],"collection":[{"href":"https:\/\/www.sudoestehoje.com.br\/novoportal\/wp-json\/wp\/v2\/posts"}],"about":[{"href":"https:\/\/www.sudoestehoje.com.br\/novoportal\/wp-json\/wp\/v2\/types\/post"}],"author":[{"embeddable":true,"href":"https:\/\/www.sudoestehoje.com.br\/novoportal\/wp-json\/wp\/v2\/users\/2"}],"replies":[{"embeddable":true,"href":"https:\/\/www.sudoestehoje.com.br\/novoportal\/wp-json\/wp\/v2\/comments?post=113673"}],"version-history":[{"count":3,"href":"https:\/\/www.sudoestehoje.com.br\/novoportal\/wp-json\/wp\/v2\/posts\/113673\/revisions"}],"predecessor-version":[{"id":113677,"href":"https:\/\/www.sudoestehoje.com.br\/novoportal\/wp-json\/wp\/v2\/posts\/113673\/revisions\/113677"}],"wp:featuredmedia":[{"embeddable":true,"href":"https:\/\/www.sudoestehoje.com.br\/novoportal\/wp-json\/wp\/v2\/media\/113674"}],"wp:attachment":[{"href":"https:\/\/www.sudoestehoje.com.br\/novoportal\/wp-json\/wp\/v2\/media?parent=113673"}],"wp:term":[{"taxonomy":"category","embeddable":true,"href":"https:\/\/www.sudoestehoje.com.br\/novoportal\/wp-json\/wp\/v2\/categories?post=113673"},{"taxonomy":"post_tag","embeddable":true,"href":"https:\/\/www.sudoestehoje.com.br\/novoportal\/wp-json\/wp\/v2\/tags?post=113673"}],"curies":[{"name":"wp","href":"https:\/\/api.w.org\/{rel}","templated":true}]}}