
{"id":113668,"date":"2023-11-06T15:42:42","date_gmt":"2023-11-06T18:42:42","guid":{"rendered":"https:\/\/www.sudoestehoje.com.br\/novoportal\/?p=113668"},"modified":"2023-11-06T15:42:42","modified_gmt":"2023-11-06T18:42:42","slug":"antonio-brito-afirma-que-ainda-falta-muito-tempo-para-se-tratar-da-sucessao-na-camara-dos-deputados","status":"publish","type":"post","link":"https:\/\/www.sudoestehoje.com.br\/novoportal\/2023\/11\/06\/antonio-brito-afirma-que-ainda-falta-muito-tempo-para-se-tratar-da-sucessao-na-camara-dos-deputados\/","title":{"rendered":"ANTONIO BRITO AFIRMA QUE AINDA FALTA MUITO TEMPO PARA SE TRATAR DA SUCESS\u00c3O NA C\u00c2MARA DOS DEPUTADOS"},"content":{"rendered":"<p><img loading=\"lazy\" decoding=\"async\" class=\"alignnone  wp-image-113670\" src=\"https:\/\/www.sudoestehoje.com.br\/novoportal\/wp-content\/uploads\/2023\/11\/BRIT-600x355.jpg\" alt=\"\" width=\"551\" height=\"326\" srcset=\"https:\/\/www.sudoestehoje.com.br\/novoportal\/wp-content\/uploads\/2023\/11\/BRIT-600x355.jpg 600w, https:\/\/www.sudoestehoje.com.br\/novoportal\/wp-content\/uploads\/2023\/11\/BRIT-700x414.jpg 700w, https:\/\/www.sudoestehoje.com.br\/novoportal\/wp-content\/uploads\/2023\/11\/BRIT-768x454.jpg 768w, https:\/\/www.sudoestehoje.com.br\/novoportal\/wp-content\/uploads\/2023\/11\/BRIT.jpg 1272w\" sizes=\"auto, (max-width: 551px) 100vw, 551px\" \/><\/p>\n<p><strong>Em entrevista \u00e0 R\u00e1dio Metr\u00f3pole, nesta manh\u00e3, o l\u00edder da PSD na C\u00e2mara, deputado federal Antonio Brito, comentou que ainda falta muito tempo para tratar da sucess\u00e3o de Arthur Lira. No entanto, reafirmou que \u00e9 o nome escolhido pela bancada da sigla para disputar a presid\u00eancia da C\u00e2mara em 2025. <\/strong><\/p>\n<p><strong>O parlamentar revelou, ainda, que seu nome vem crescendo de forma natural, dada a sua atua\u00e7\u00e3o na C\u00e2mara dos Deputados. &#8220;Fui presidente da Comiss\u00e3o de Seguridade Social e Fam\u00edlia por tr\u00eas vezes, presido a Frente Parlamentar das Santas Casas e a Frente de Luta Contra a Tuberculose, al\u00e9m de estar no terceiro mandato como l\u00edder do PSD&#8221;. Ent\u00e3o, ap\u00f3s apoio declarado da bancada do PSD e das declara\u00e7\u00f5es do presidente Kassab durante o evento em comemora\u00e7\u00e3o aos 12 anos do PSD, o seu nome ganhou for\u00e7a.<\/strong><\/p>\n<p><strong> Brito tamb\u00e9m mencionou que Arthur Lira ainda n\u00e3o escolheu o seu candidato e refor\u00e7ou que o PSD foi o primeiro partido a apoi\u00e1-lo formalmente em sua elei\u00e7\u00e3o e reelei\u00e7\u00e3o.<\/strong><\/p>\n","protected":false},"excerpt":{"rendered":"<p>Em entrevista \u00e0 R\u00e1dio Metr\u00f3pole, nesta manh\u00e3, o l\u00edder da PSD na C\u00e2mara, deputado federal Antonio Brito, comentou que ainda falta muito tempo para tratar da sucess\u00e3o de Arthur Lira. No entanto, reafirmou que \u00e9 o nome escolhido pela bancada da sigla para disputar a presid\u00eancia da C\u00e2mara em 2025. O parlamentar revelou, ainda, que [&hellip;]<\/p>\n","protected":false},"author":2,"featured_media":113670,"comment_status":"closed","ping_status":"open","sticky":false,"template":"","format":"standard","meta":{"footnotes":"","_links_to":"","_links_to_target":""},"categories":[1],"tags":[],"class_list":["post-113668","post","type-post","status-publish","format-standard","has-post-thumbnail","hentry","category-geral"],"views":798,"_links":{"self":[{"href":"https:\/\/www.sudoestehoje.com.br\/novoportal\/wp-json\/wp\/v2\/posts\/113668","targetHints":{"allow":["GET"]}}],"collection":[{"href":"https:\/\/www.sudoestehoje.com.br\/novoportal\/wp-json\/wp\/v2\/posts"}],"about":[{"href":"https:\/\/www.sudoestehoje.com.br\/novoportal\/wp-json\/wp\/v2\/types\/post"}],"author":[{"embeddable":true,"href":"https:\/\/www.sudoestehoje.com.br\/novoportal\/wp-json\/wp\/v2\/users\/2"}],"replies":[{"embeddable":true,"href":"https:\/\/www.sudoestehoje.com.br\/novoportal\/wp-json\/wp\/v2\/comments?post=113668"}],"version-history":[{"count":2,"href":"https:\/\/www.sudoestehoje.com.br\/novoportal\/wp-json\/wp\/v2\/posts\/113668\/revisions"}],"predecessor-version":[{"id":113671,"href":"https:\/\/www.sudoestehoje.com.br\/novoportal\/wp-json\/wp\/v2\/posts\/113668\/revisions\/113671"}],"wp:featuredmedia":[{"embeddable":true,"href":"https:\/\/www.sudoestehoje.com.br\/novoportal\/wp-json\/wp\/v2\/media\/113670"}],"wp:attachment":[{"href":"https:\/\/www.sudoestehoje.com.br\/novoportal\/wp-json\/wp\/v2\/media?parent=113668"}],"wp:term":[{"taxonomy":"category","embeddable":true,"href":"https:\/\/www.sudoestehoje.com.br\/novoportal\/wp-json\/wp\/v2\/categories?post=113668"},{"taxonomy":"post_tag","embeddable":true,"href":"https:\/\/www.sudoestehoje.com.br\/novoportal\/wp-json\/wp\/v2\/tags?post=113668"}],"curies":[{"name":"wp","href":"https:\/\/api.w.org\/{rel}","templated":true}]}}