
{"id":113637,"date":"2023-11-03T18:39:05","date_gmt":"2023-11-03T21:39:05","guid":{"rendered":"https:\/\/www.sudoestehoje.com.br\/novoportal\/?p=113637"},"modified":"2023-11-06T20:37:35","modified_gmt":"2023-11-06T23:37:35","slug":"adolescente-de-15-anos-cai-em-cratera-de-9-metros-em-teixwira-de-freitas","status":"publish","type":"post","link":"https:\/\/www.sudoestehoje.com.br\/novoportal\/2023\/11\/03\/adolescente-de-15-anos-cai-em-cratera-de-9-metros-em-teixwira-de-freitas\/","title":{"rendered":"ADOLESCENTE DE 15 ANOS CAI EM CRATERA DE 9 METROS EM TEIXEIRA DE FREITAS"},"content":{"rendered":"<div id=\"chunk-9m50b\">\n<div class=\"mc-column content-text active-extra-styles \" data-block-type=\"unstyled\" data-block-weight=\"52\" data-block-id=\"2\">\n<p data-track-category=\"Link no Texto\" data-track-links=\"\"><img loading=\"lazy\" decoding=\"async\" class=\"alignnone  wp-image-113639\" src=\"https:\/\/www.sudoestehoje.com.br\/novoportal\/wp-content\/uploads\/2023\/11\/whatsapp-image-2023-11-03-at-16.34.49-2--600x443.webp\" alt=\"\" width=\"550\" height=\"406\" srcset=\"https:\/\/www.sudoestehoje.com.br\/novoportal\/wp-content\/uploads\/2023\/11\/whatsapp-image-2023-11-03-at-16.34.49-2--600x443.webp 600w, https:\/\/www.sudoestehoje.com.br\/novoportal\/wp-content\/uploads\/2023\/11\/whatsapp-image-2023-11-03-at-16.34.49-2--700x516.webp 700w, https:\/\/www.sudoestehoje.com.br\/novoportal\/wp-content\/uploads\/2023\/11\/whatsapp-image-2023-11-03-at-16.34.49-2--768x567.webp 768w, https:\/\/www.sudoestehoje.com.br\/novoportal\/wp-content\/uploads\/2023\/11\/whatsapp-image-2023-11-03-at-16.34.49-2-.webp 984w\" sizes=\"auto, (max-width: 550px) 100vw, 550px\" \/><\/p>\n<p class=\" content-text__container \" data-track-category=\"Link no Texto\" data-track-links=\"\"><strong>Um adolescente de 15 anos caiu em uma cratera com cerca de 9 metros de profundidade em Teixeira de Freitas, no extremo sul da Bahia. De acordo com o Corpo de Bombeiros da regi\u00e3o, respons\u00e1vel pelo resgate do adolescente, a queda ocorreu na noite de quinta-feira (2) e durou cerca de 2h30.<\/strong><\/p>\n<\/div>\n<\/div>\n<div class=\"wall protected-content\">\n<div id=\"chunk-29g39\">\n<div class=\"mc-column content-text active-extra-styles \" data-block-type=\"unstyled\" data-block-weight=\"10\" data-block-id=\"4\">\n<p class=\" content-text__container \" data-track-category=\"Link no Texto\" data-track-links=\"\"><strong>Ainda n\u00e3o h\u00e1 detalhes de como a v\u00edtima caiu na cratera, que fica na regi\u00e3o de mata, do bairro Colina Verde. O adolescente teve escoria\u00e7\u00f5es no tronco e h\u00e1 suspeita de fratura no joelho.<\/strong><\/p>\n<div id=\"chunk-86de8\">\n<div class=\"mc-column content-text active-extra-styles \" data-block-type=\"unstyled\" data-block-weight=\"26\" data-block-id=\"8\">\n<p class=\" content-text__container \" data-track-category=\"Link no Texto\" data-track-links=\"\"><strong>Os bombeiros foram acionados por testemunhas e iniciaram o resgate vertical por volta das 19h30. Eles desceram na cratera e retiraram o adolescente \u00e0s 22h.<\/strong><\/p>\n<\/div>\n<\/div>\n<div id=\"chunk-fp5j1\">\n<div class=\"mc-column content-text active-extra-styles \" data-block-type=\"unstyled\" data-block-weight=\"34\" data-block-id=\"9\">\n<p class=\" content-text__container \" data-track-category=\"Link no Texto\" data-track-links=\"\"><strong>O adolescente recebeu atendimento m\u00e9dico inicial do Servi\u00e7o de Atendimento M\u00e9dico de Urg\u00eancia (Samu) e depois foi encaminhado para o hospital para realiza\u00e7\u00e3o de exames. Informa\u00e7\u00f5es iniciais s\u00e3o de que ele passa bem.<\/strong><\/p>\n<\/div>\n<\/div>\n<\/div>\n<\/div>\n<\/div>\n","protected":false},"excerpt":{"rendered":"<p>Um adolescente de 15 anos caiu em uma cratera com cerca de 9 metros de profundidade em Teixeira de Freitas, no extremo sul da Bahia. De acordo com o Corpo de Bombeiros da regi\u00e3o, respons\u00e1vel pelo resgate do adolescente, a queda ocorreu na noite de quinta-feira (2) e durou cerca de 2h30. Ainda n\u00e3o h\u00e1 [&hellip;]<\/p>\n","protected":false},"author":2,"featured_media":113639,"comment_status":"closed","ping_status":"open","sticky":false,"template":"","format":"standard","meta":{"footnotes":"","_links_to":"","_links_to_target":""},"categories":[1],"tags":[],"class_list":["post-113637","post","type-post","status-publish","format-standard","has-post-thumbnail","hentry","category-geral"],"views":514,"_links":{"self":[{"href":"https:\/\/www.sudoestehoje.com.br\/novoportal\/wp-json\/wp\/v2\/posts\/113637","targetHints":{"allow":["GET"]}}],"collection":[{"href":"https:\/\/www.sudoestehoje.com.br\/novoportal\/wp-json\/wp\/v2\/posts"}],"about":[{"href":"https:\/\/www.sudoestehoje.com.br\/novoportal\/wp-json\/wp\/v2\/types\/post"}],"author":[{"embeddable":true,"href":"https:\/\/www.sudoestehoje.com.br\/novoportal\/wp-json\/wp\/v2\/users\/2"}],"replies":[{"embeddable":true,"href":"https:\/\/www.sudoestehoje.com.br\/novoportal\/wp-json\/wp\/v2\/comments?post=113637"}],"version-history":[{"count":4,"href":"https:\/\/www.sudoestehoje.com.br\/novoportal\/wp-json\/wp\/v2\/posts\/113637\/revisions"}],"predecessor-version":[{"id":113689,"href":"https:\/\/www.sudoestehoje.com.br\/novoportal\/wp-json\/wp\/v2\/posts\/113637\/revisions\/113689"}],"wp:featuredmedia":[{"embeddable":true,"href":"https:\/\/www.sudoestehoje.com.br\/novoportal\/wp-json\/wp\/v2\/media\/113639"}],"wp:attachment":[{"href":"https:\/\/www.sudoestehoje.com.br\/novoportal\/wp-json\/wp\/v2\/media?parent=113637"}],"wp:term":[{"taxonomy":"category","embeddable":true,"href":"https:\/\/www.sudoestehoje.com.br\/novoportal\/wp-json\/wp\/v2\/categories?post=113637"},{"taxonomy":"post_tag","embeddable":true,"href":"https:\/\/www.sudoestehoje.com.br\/novoportal\/wp-json\/wp\/v2\/tags?post=113637"}],"curies":[{"name":"wp","href":"https:\/\/api.w.org\/{rel}","templated":true}]}}