
{"id":113633,"date":"2023-11-03T18:28:30","date_gmt":"2023-11-03T21:28:30","guid":{"rendered":"https:\/\/www.sudoestehoje.com.br\/novoportal\/?p=113633"},"modified":"2023-11-03T18:28:30","modified_gmt":"2023-11-03T21:28:30","slug":"morre-aos-68-anos-a-atriz-elizangela","status":"publish","type":"post","link":"https:\/\/www.sudoestehoje.com.br\/novoportal\/2023\/11\/03\/morre-aos-68-anos-a-atriz-elizangela\/","title":{"rendered":"MORRE AOS 68 ANOS A ATRIZ ELIZ\u00c2NGELA"},"content":{"rendered":"<div id=\"chunk-focus\">\n<div class=\"mc-column content-text active-extra-styles \" data-block-type=\"unstyled\" data-block-weight=\"47\" data-block-id=\"2\">\n<p data-track-category=\"Link no Texto\" data-track-links=\"\"><img loading=\"lazy\" decoding=\"async\" class=\"alignnone  wp-image-113635\" src=\"https:\/\/www.sudoestehoje.com.br\/novoportal\/wp-content\/uploads\/2023\/11\/ELISANGELA-600x338.jpg\" alt=\"\" width=\"550\" height=\"310\" srcset=\"https:\/\/www.sudoestehoje.com.br\/novoportal\/wp-content\/uploads\/2023\/11\/ELISANGELA-600x338.jpg 600w, https:\/\/www.sudoestehoje.com.br\/novoportal\/wp-content\/uploads\/2023\/11\/ELISANGELA-700x394.jpg 700w, https:\/\/www.sudoestehoje.com.br\/novoportal\/wp-content\/uploads\/2023\/11\/ELISANGELA-768x432.jpg 768w, https:\/\/www.sudoestehoje.com.br\/novoportal\/wp-content\/uploads\/2023\/11\/ELISANGELA.jpg 1200w\" sizes=\"auto, (max-width: 550px) 100vw, 550px\" \/><\/p>\n<p class=\" content-text__container \" data-track-category=\"Link no Texto\" data-track-links=\"\"><strong>A atriz Eliz\u00e2ngela do Amaral Vergueiro, mais conhecida apenas como Eliz\u00e2ngela, morreu aos 68 anos nesta sexta-feira (4) em Guapimirim, no estado do Rio, informou a prefeitura local. Ela fez sucesso em produ\u00e7\u00f5es como as novelas &#8220;For\u00e7a do querer&#8221; e &#8220;A Dona do Peda\u00e7o&#8221;, entre muitas outras.<\/strong><\/p>\n<\/div>\n<\/div>\n<div class=\"wall protected-content\">\n<div id=\"chunk-c005c\">\n<div class=\"mc-column content-text active-extra-styles\" data-block-type=\"raw\" data-block-weight=\"6\" data-block-id=\"4\">\n<p><strong>Segundo a Prefeitura Municipal de Guapimirim, a atriz deu entrada no Hospital Municipal Jos\u00e9 Rabello de Mello com uma PCR (parada cardiorrespirat\u00f3ria, depois de ser pronto atendida pelas equipes do SAMU.<\/strong><\/p>\n<\/div>\n<\/div>\n<div id=\"chunk-5h11u\">\n<div class=\"mc-column content-text active-extra-styles \" data-block-type=\"unstyled\" data-block-weight=\"13\" data-block-id=\"6\">\n<p class=\" content-text__container \" data-track-category=\"Link no Texto\" data-track-links=\"\"><strong>Houve tentativa de reanima\u00e7\u00e3o tanto no translado, quanto na unidade, mas sem \u00eaxito.<\/strong><\/p>\n<\/div>\n<\/div>\n<div id=\"chunk-40al4\">\n<div class=\"mc-column content-text active-extra-styles \" data-block-type=\"unstyled\" data-block-weight=\"49\" data-block-id=\"7\">\n<p class=\" content-text__container \" data-track-category=\"Link no Texto\" data-track-links=\"\"><strong>&#8220;A Prefeitura Municipal de Guapimirim, lamenta a morte da consagrada atriz. Esta \u00e9 a segunda vez que o sistema de sa\u00fade do munic\u00edpio atendeu Elizangela. Na primeira, Elizangela deu entrada na unidade com graves problemas respirat\u00f3rios, e depois de algumas semanas, teve alta da unidade&#8221;, disse a administra\u00e7\u00e3o municipal.<\/strong><\/p>\n<p><span style=\"color: #0000ff;\"><strong><a style=\"color: #0000ff;\" href=\"https:\/\/g1.globo.com\/rj\/rio-de-janeiro\/noticia\/2023\/11\/03\/elizangela-do-amaral-vergueiro-morre-em-guapimirim.ghtml\">CONFIRA MAT\u00c9RIA COMPLETA<\/a><\/strong><\/span><\/p>\n<\/div>\n<\/div>\n<\/div>\n","protected":false},"excerpt":{"rendered":"<p>A atriz Eliz\u00e2ngela do Amaral Vergueiro, mais conhecida apenas como Eliz\u00e2ngela, morreu aos 68 anos nesta sexta-feira (4) em Guapimirim, no estado do Rio, informou a prefeitura local. Ela fez sucesso em produ\u00e7\u00f5es como as novelas &#8220;For\u00e7a do querer&#8221; e &#8220;A Dona do Peda\u00e7o&#8221;, entre muitas outras. Segundo a Prefeitura Municipal de Guapimirim, a atriz [&hellip;]<\/p>\n","protected":false},"author":2,"featured_media":113635,"comment_status":"closed","ping_status":"open","sticky":false,"template":"","format":"standard","meta":{"footnotes":"","_links_to":"","_links_to_target":""},"categories":[1],"tags":[],"class_list":["post-113633","post","type-post","status-publish","format-standard","has-post-thumbnail","hentry","category-geral"],"views":1187,"_links":{"self":[{"href":"https:\/\/www.sudoestehoje.com.br\/novoportal\/wp-json\/wp\/v2\/posts\/113633","targetHints":{"allow":["GET"]}}],"collection":[{"href":"https:\/\/www.sudoestehoje.com.br\/novoportal\/wp-json\/wp\/v2\/posts"}],"about":[{"href":"https:\/\/www.sudoestehoje.com.br\/novoportal\/wp-json\/wp\/v2\/types\/post"}],"author":[{"embeddable":true,"href":"https:\/\/www.sudoestehoje.com.br\/novoportal\/wp-json\/wp\/v2\/users\/2"}],"replies":[{"embeddable":true,"href":"https:\/\/www.sudoestehoje.com.br\/novoportal\/wp-json\/wp\/v2\/comments?post=113633"}],"version-history":[{"count":2,"href":"https:\/\/www.sudoestehoje.com.br\/novoportal\/wp-json\/wp\/v2\/posts\/113633\/revisions"}],"predecessor-version":[{"id":113636,"href":"https:\/\/www.sudoestehoje.com.br\/novoportal\/wp-json\/wp\/v2\/posts\/113633\/revisions\/113636"}],"wp:featuredmedia":[{"embeddable":true,"href":"https:\/\/www.sudoestehoje.com.br\/novoportal\/wp-json\/wp\/v2\/media\/113635"}],"wp:attachment":[{"href":"https:\/\/www.sudoestehoje.com.br\/novoportal\/wp-json\/wp\/v2\/media?parent=113633"}],"wp:term":[{"taxonomy":"category","embeddable":true,"href":"https:\/\/www.sudoestehoje.com.br\/novoportal\/wp-json\/wp\/v2\/categories?post=113633"},{"taxonomy":"post_tag","embeddable":true,"href":"https:\/\/www.sudoestehoje.com.br\/novoportal\/wp-json\/wp\/v2\/tags?post=113633"}],"curies":[{"name":"wp","href":"https:\/\/api.w.org\/{rel}","templated":true}]}}