
{"id":113624,"date":"2023-11-03T08:14:08","date_gmt":"2023-11-03T11:14:08","guid":{"rendered":"https:\/\/www.sudoestehoje.com.br\/novoportal\/?p=113624"},"modified":"2023-11-03T08:14:08","modified_gmt":"2023-11-03T11:14:08","slug":"itabuna-e-a-cidade-com-maior-numero-de-casos-ativos-da-covid-19-na-bahia","status":"publish","type":"post","link":"https:\/\/www.sudoestehoje.com.br\/novoportal\/2023\/11\/03\/itabuna-e-a-cidade-com-maior-numero-de-casos-ativos-da-covid-19-na-bahia\/","title":{"rendered":"ITABUNA \u00c9 A CIDADE COM MAIOR N\u00daMERO DE CASOS ATIVOS DA COVID-19 NA BAHIA"},"content":{"rendered":"<div id=\"chunk-5fk0p\">\n<div class=\"mc-column content-text active-extra-styles \" data-block-type=\"unstyled\" data-block-weight=\"39\" data-block-id=\"2\">\n<p data-track-category=\"Link no Texto\" data-track-links=\"\"><img loading=\"lazy\" decoding=\"async\" class=\"alignnone  wp-image-113625\" src=\"https:\/\/www.sudoestehoje.com.br\/novoportal\/wp-content\/uploads\/2023\/11\/Rio_Cachoeira2-600x399.jpg\" alt=\"\" width=\"550\" height=\"366\" srcset=\"https:\/\/www.sudoestehoje.com.br\/novoportal\/wp-content\/uploads\/2023\/11\/Rio_Cachoeira2-600x399.jpg 600w, https:\/\/www.sudoestehoje.com.br\/novoportal\/wp-content\/uploads\/2023\/11\/Rio_Cachoeira2-700x466.jpg 700w, https:\/\/www.sudoestehoje.com.br\/novoportal\/wp-content\/uploads\/2023\/11\/Rio_Cachoeira2-768x511.jpg 768w, https:\/\/www.sudoestehoje.com.br\/novoportal\/wp-content\/uploads\/2023\/11\/Rio_Cachoeira2-1536x1022.jpg 1536w, https:\/\/www.sudoestehoje.com.br\/novoportal\/wp-content\/uploads\/2023\/11\/Rio_Cachoeira2-2048x1363.jpg 2048w\" sizes=\"auto, (max-width: 550px) 100vw, 550px\" \/><\/p>\n<p class=\" content-text__container \" data-track-category=\"Link no Texto\" data-track-links=\"\"><strong>A cidade de\u00a0Itabuna, no sul da Bahia, est\u00e1 com 113 casos ativos de Covid-19 e ocupa o primeiro lugar no estado em casos ativos da doen\u00e7a, segundo informa\u00e7\u00f5es da Secretaria de Sa\u00fade do Estado da Bahia (Sesab).<\/strong><\/p>\n<\/div>\n<\/div>\n<div class=\"wall protected-content\">\n<div id=\"chunk-fsepq\">\n<div class=\"mc-column content-text active-extra-styles \" data-block-type=\"unstyled\" data-block-weight=\"33\" data-block-id=\"5\">\n<p class=\" content-text__container \" data-track-category=\"Link no Texto\" data-track-links=\"\"><strong>Apesar dos dados, a secretaria n\u00e3o detalhou se esse n\u00famero de casos ativos \u00e9 um cen\u00e1rio preocupante para um\u00a0munic\u00edpio tem 186.708 habitantes, conforme dados do Instituto Brasileiro de Geografia e Estat\u00edstica (IBGE).<\/strong><\/p>\n<\/div>\n<\/div>\n<div id=\"chunk-em8bo\">\n<div class=\"mc-column content-text active-extra-styles \" data-block-type=\"unstyled\" data-block-weight=\"39\" data-block-id=\"6\">\n<p class=\" content-text__container \" data-track-category=\"Link no Texto\" data-track-links=\"\"><strong>Seguidos de Itabuna, os outros munic\u00edpios com mais casos confirmados no estado, desde o in\u00edcio da pandemia, s\u00e3o\u00a0Salvador, que atualmente conta com 65 casos ativos. Seguido de\u00a0Feira de Santana, com 49 casos ativos de Covid-19, atualmente.<\/strong><\/p>\n<\/div>\n<\/div>\n<div id=\"chunk-2mhto\">\n<div class=\"content-ads content-ads--reveal\" data-block-type=\"ads\" data-block-id=\"7\">\n<div id=\"banner_materia2\" class=\"tag-manager-publicidade-container mc-has-reveal mc-has-ad-lazyload tag-manager-publicidade-banner_materia2 tag-manager-publicidade-container--carregado tag-manager-publicidade-container--visivel\" data-id=\"banner_materia2\" data-google-query-id=\"CMbq973Yp4IDFTSblQIdUA8GxQ\"><\/div>\n<\/div>\n<\/div>\n<\/div>\n","protected":false},"excerpt":{"rendered":"<p>A cidade de\u00a0Itabuna, no sul da Bahia, est\u00e1 com 113 casos ativos de Covid-19 e ocupa o primeiro lugar no estado em casos ativos da doen\u00e7a, segundo informa\u00e7\u00f5es da Secretaria de Sa\u00fade do Estado da Bahia (Sesab). Apesar dos dados, a secretaria n\u00e3o detalhou se esse n\u00famero de casos ativos \u00e9 um cen\u00e1rio preocupante para [&hellip;]<\/p>\n","protected":false},"author":2,"featured_media":113625,"comment_status":"closed","ping_status":"open","sticky":false,"template":"","format":"standard","meta":{"footnotes":"","_links_to":"","_links_to_target":""},"categories":[1],"tags":[],"class_list":["post-113624","post","type-post","status-publish","format-standard","has-post-thumbnail","hentry","category-geral"],"views":841,"_links":{"self":[{"href":"https:\/\/www.sudoestehoje.com.br\/novoportal\/wp-json\/wp\/v2\/posts\/113624","targetHints":{"allow":["GET"]}}],"collection":[{"href":"https:\/\/www.sudoestehoje.com.br\/novoportal\/wp-json\/wp\/v2\/posts"}],"about":[{"href":"https:\/\/www.sudoestehoje.com.br\/novoportal\/wp-json\/wp\/v2\/types\/post"}],"author":[{"embeddable":true,"href":"https:\/\/www.sudoestehoje.com.br\/novoportal\/wp-json\/wp\/v2\/users\/2"}],"replies":[{"embeddable":true,"href":"https:\/\/www.sudoestehoje.com.br\/novoportal\/wp-json\/wp\/v2\/comments?post=113624"}],"version-history":[{"count":1,"href":"https:\/\/www.sudoestehoje.com.br\/novoportal\/wp-json\/wp\/v2\/posts\/113624\/revisions"}],"predecessor-version":[{"id":113626,"href":"https:\/\/www.sudoestehoje.com.br\/novoportal\/wp-json\/wp\/v2\/posts\/113624\/revisions\/113626"}],"wp:featuredmedia":[{"embeddable":true,"href":"https:\/\/www.sudoestehoje.com.br\/novoportal\/wp-json\/wp\/v2\/media\/113625"}],"wp:attachment":[{"href":"https:\/\/www.sudoestehoje.com.br\/novoportal\/wp-json\/wp\/v2\/media?parent=113624"}],"wp:term":[{"taxonomy":"category","embeddable":true,"href":"https:\/\/www.sudoestehoje.com.br\/novoportal\/wp-json\/wp\/v2\/categories?post=113624"},{"taxonomy":"post_tag","embeddable":true,"href":"https:\/\/www.sudoestehoje.com.br\/novoportal\/wp-json\/wp\/v2\/tags?post=113624"}],"curies":[{"name":"wp","href":"https:\/\/api.w.org\/{rel}","templated":true}]}}