
{"id":113616,"date":"2023-11-01T16:21:33","date_gmt":"2023-11-01T19:21:33","guid":{"rendered":"https:\/\/www.sudoestehoje.com.br\/novoportal\/?p=113616"},"modified":"2023-11-01T16:21:33","modified_gmt":"2023-11-01T19:21:33","slug":"com-a-relatoria-de-antonio-brito-camara-dos-deputados-cria-a-bancada-negra","status":"publish","type":"post","link":"https:\/\/www.sudoestehoje.com.br\/novoportal\/2023\/11\/01\/com-a-relatoria-de-antonio-brito-camara-dos-deputados-cria-a-bancada-negra\/","title":{"rendered":"COM A RELATORIA DE ANTONIO BRITO, C\u00c2MARA DOS DEPUTADOS CRIA A BANCADA NEGRA"},"content":{"rendered":"<p><img loading=\"lazy\" decoding=\"async\" class=\"alignnone  wp-image-113618\" src=\"https:\/\/www.sudoestehoje.com.br\/novoportal\/wp-content\/uploads\/2023\/11\/A-BRITO-600x370.jpg\" alt=\"\" width=\"550\" height=\"339\" srcset=\"https:\/\/www.sudoestehoje.com.br\/novoportal\/wp-content\/uploads\/2023\/11\/A-BRITO-600x370.jpg 600w, https:\/\/www.sudoestehoje.com.br\/novoportal\/wp-content\/uploads\/2023\/11\/A-BRITO-700x431.jpg 700w, https:\/\/www.sudoestehoje.com.br\/novoportal\/wp-content\/uploads\/2023\/11\/A-BRITO-768x473.jpg 768w, https:\/\/www.sudoestehoje.com.br\/novoportal\/wp-content\/uploads\/2023\/11\/A-BRITO.jpg 1000w\" sizes=\"auto, (max-width: 550px) 100vw, 550px\" \/><\/p>\n<p><strong>A C\u00e2mara dos Deputados aprovou, nesta quarta-feira (1\u2070), a cria\u00e7\u00e3o da Bancada Negra da Casa, que visa fortalecer o debate acerca das quest\u00f5es relacionadas \u00e0 igualdade racial no Brasil. Segundo a mat\u00e9ria, relatada pelo l\u00edder do PSD, deputado federal Antonio Brito, a bancada ter\u00e1 direito a assento na reuni\u00e3o do col\u00e9gio de l\u00edderes e a uso da palavra no plen\u00e1rio durante cinco minutos, por semana. <\/strong><\/p>\n<p><strong>O projeto estabelece que far\u00e3o parte da bancada os deputados que se autodeclararam como pretos e pardos no formul\u00e1rio de registro da candidatura na elei\u00e7\u00e3o de 2022. &#8220;Esta \u00e9 uma importante conquista para a popula\u00e7\u00e3o negra, que ter\u00e1 suas discuss\u00f5es tratadas com equidade no Congresso Nacional&#8221;. <\/strong><\/p>\n<p><strong>Ainda segundo o relator, a iniciativa vem somar ao conjunto de a\u00e7\u00f5es afirmativas que vem sendo aprovadas, a exemplo da Emenda Constitucional 111\/21, que determinou que nas elei\u00e7\u00f5es realizadas at\u00e9 o ano de 2030, os votos dados \u00e0s candidaturas negras, para a C\u00e2mara, valer\u00e3o em dobro para fins de distribui\u00e7\u00e3o entre os partidos pol\u00edticos dos recursos do Fundo Partid\u00e1rio e do Fundo Especial de Financiamento de Campanha.<\/strong><\/p>\n","protected":false},"excerpt":{"rendered":"<p>A C\u00e2mara dos Deputados aprovou, nesta quarta-feira (1\u2070), a cria\u00e7\u00e3o da Bancada Negra da Casa, que visa fortalecer o debate acerca das quest\u00f5es relacionadas \u00e0 igualdade racial no Brasil. Segundo a mat\u00e9ria, relatada pelo l\u00edder do PSD, deputado federal Antonio Brito, a bancada ter\u00e1 direito a assento na reuni\u00e3o do col\u00e9gio de l\u00edderes e a [&hellip;]<\/p>\n","protected":false},"author":2,"featured_media":113618,"comment_status":"closed","ping_status":"open","sticky":false,"template":"","format":"standard","meta":{"footnotes":"","_links_to":"","_links_to_target":""},"categories":[1],"tags":[],"class_list":["post-113616","post","type-post","status-publish","format-standard","has-post-thumbnail","hentry","category-geral"],"views":874,"_links":{"self":[{"href":"https:\/\/www.sudoestehoje.com.br\/novoportal\/wp-json\/wp\/v2\/posts\/113616","targetHints":{"allow":["GET"]}}],"collection":[{"href":"https:\/\/www.sudoestehoje.com.br\/novoportal\/wp-json\/wp\/v2\/posts"}],"about":[{"href":"https:\/\/www.sudoestehoje.com.br\/novoportal\/wp-json\/wp\/v2\/types\/post"}],"author":[{"embeddable":true,"href":"https:\/\/www.sudoestehoje.com.br\/novoportal\/wp-json\/wp\/v2\/users\/2"}],"replies":[{"embeddable":true,"href":"https:\/\/www.sudoestehoje.com.br\/novoportal\/wp-json\/wp\/v2\/comments?post=113616"}],"version-history":[{"count":2,"href":"https:\/\/www.sudoestehoje.com.br\/novoportal\/wp-json\/wp\/v2\/posts\/113616\/revisions"}],"predecessor-version":[{"id":113619,"href":"https:\/\/www.sudoestehoje.com.br\/novoportal\/wp-json\/wp\/v2\/posts\/113616\/revisions\/113619"}],"wp:featuredmedia":[{"embeddable":true,"href":"https:\/\/www.sudoestehoje.com.br\/novoportal\/wp-json\/wp\/v2\/media\/113618"}],"wp:attachment":[{"href":"https:\/\/www.sudoestehoje.com.br\/novoportal\/wp-json\/wp\/v2\/media?parent=113616"}],"wp:term":[{"taxonomy":"category","embeddable":true,"href":"https:\/\/www.sudoestehoje.com.br\/novoportal\/wp-json\/wp\/v2\/categories?post=113616"},{"taxonomy":"post_tag","embeddable":true,"href":"https:\/\/www.sudoestehoje.com.br\/novoportal\/wp-json\/wp\/v2\/tags?post=113616"}],"curies":[{"name":"wp","href":"https:\/\/api.w.org\/{rel}","templated":true}]}}