
{"id":113603,"date":"2023-11-01T09:56:51","date_gmt":"2023-11-01T12:56:51","guid":{"rendered":"https:\/\/www.sudoestehoje.com.br\/novoportal\/?p=113603"},"modified":"2023-11-01T10:07:40","modified_gmt":"2023-11-01T13:07:40","slug":"feriadao-praias-do-sul-da-bahia-sao-as-preferidas-de-quem-vai-esticar-o-feriado","status":"publish","type":"post","link":"https:\/\/www.sudoestehoje.com.br\/novoportal\/2023\/11\/01\/feriadao-praias-do-sul-da-bahia-sao-as-preferidas-de-quem-vai-esticar-o-feriado\/","title":{"rendered":"FERIAD\u00c3O | PRAIAS DO SUL DA BAHIA S\u00c3O AS PREFERIDAS DE QUEM VAI &#8216;ESTICAR&#8217; O FERIADO"},"content":{"rendered":"<div id=\"chunk-fvd4s\">\n<div class=\"mc-column content-text active-extra-styles \" data-block-type=\"unstyled\" data-block-weight=\"20\" data-block-id=\"3\">\n<p class=\" content-text__container \" data-track-category=\"Link no Texto\" data-track-links=\"\"><img loading=\"lazy\" decoding=\"async\" class=\"alignnone wp-image-113604\" src=\"https:\/\/www.sudoestehoje.com.br\/novoportal\/wp-content\/uploads\/2023\/11\/cb-praia7.webp\" alt=\"\" width=\"550\" height=\"334\" \/><\/p>\n<\/div>\n<\/div>\n<div class=\"wall protected-content\">\n<div id=\"chunk-21sso\">\n<div class=\"mc-column content-text active-extra-styles \" data-block-type=\"unstyled\" data-block-weight=\"24\" data-block-id=\"5\">\n<p class=\" content-text__container \" data-track-category=\"Link no Texto\" data-track-links=\"\"><strong>Faltam somente\u00a0dois meses\u00a0para o fim do ano, mas 2023 ainda tem no calend\u00e1rio\u00a0tr\u00eas feriados nacionais.\u00a0O pr\u00f3ximo \u00e9 o Dia de Finados, nesta quinta-feira (2), que vem com possibilidade de &#8220;emenda&#8221; para alguns trabalhadores.<\/strong><\/p>\n<p data-track-category=\"Link no Texto\" data-track-links=\"\"><strong>Para quem gosta de esticar os feriados, as praias do Sul da Bahia s\u00e3o as mais procuradas pelos turistas do Sudoeste; Ilh\u00e9us, Itacar\u00e9 e Barra Grande.<\/strong><\/p>\n<p data-track-category=\"Link no Texto\" data-track-links=\"\"><strong>MAIS FERIAD\u00d5ES<\/strong><\/p>\n<\/div>\n<\/div>\n<div id=\"chunk-cah7o\">\n<div class=\"mc-column content-text active-extra-styles \" data-block-type=\"unstyled\" data-block-weight=\"35\" data-block-id=\"6\">\n<p class=\" content-text__container \" data-track-category=\"Link no Texto\" data-track-links=\"\"><strong>Na sequ\u00eancia, tem o feriado da Proclama\u00e7\u00e3o da Rep\u00fablica, no dia 15 de novembro, que cai em uma quarta-feira. E o Natal, no dia 25 de dezembro (segunda-feira), encerra a\u00a0lista dos feriad\u00f5es de 2023.<\/strong><\/p>\n<\/div>\n<\/div>\n<div id=\"chunk-8605d\">\n<div class=\"mc-column content-text active-extra-styles \" data-block-type=\"unstyled\" data-block-weight=\"32\" data-block-id=\"7\">\n<div id=\"chunk-a63dn\">\n<div class=\"mc-column content-text active-extra-styles \" data-block-type=\"unstyled\" data-block-weight=\"28\" data-block-id=\"12\">\n<p class=\" content-text__container \" data-track-category=\"Link no Texto\" data-track-links=\"\"><strong>Por cair em uma quinta-feira, o Dia de Finados vai permitir que muitos trabalhadores &#8220;emendem&#8221; o feriado com o fim de semana, tirando quatro dias seguidos de folga.<\/strong><\/p>\n<\/div>\n<\/div>\n<div id=\"chunk-40vhi\">\n<div class=\"mc-column content-text active-extra-styles \" data-block-type=\"unstyled\" data-block-weight=\"20\" data-block-id=\"13\">\n<p class=\" content-text__container \" data-track-category=\"Link no Texto\" data-track-links=\"\"><strong>Apesar disso, \u00e9 importante destacar que\u00a0<span class=\"highlight highlighted\">a sexta-feira (3) n\u00e3o \u00e9 feriado e, sim, um dia de trabalho regular<\/span>.<\/strong><\/p>\n<p data-track-category=\"Link no Texto\" data-track-links=\"\"><strong>VAI EMENDAR?<\/strong><\/p>\n<\/div>\n<\/div>\n<div id=\"chunk-70ou\">\n<div class=\"mc-column content-text active-extra-styles \" data-block-type=\"unstyled\" data-block-weight=\"40\" data-block-id=\"14\">\n<p class=\" content-text__container \" data-track-category=\"Link no Texto\" data-track-links=\"\"><strong>Assim,\u00a0<span class=\"highlight highlighted\">essa possibilidade de &#8220;emenda&#8221; n\u00e3o \u00e9 uma realidade de todos os trabalhadores<\/span>: depende das pol\u00edticas de cada empresa, no caso de funcion\u00e1rios de institui\u00e7\u00f5es privadas, e de decis\u00f5es dos governos municipais, estaduais ou federal, para os servidores p\u00fablicos.<\/strong><\/p>\n<p data-track-category=\"Link no Texto\" data-track-links=\"\"><strong>Em Itapetinga, o prefeito Rodrigo Hagge decretou Ponto Facultativo na sexta, mas o governo do estado definiu que haver\u00e1 expediente normal na sexta, em todas as reparti\u00e7\u00f5es p\u00fablicas estaduais.<\/strong><\/p>\n<p data-track-category=\"Link no Texto\" data-track-links=\"\"><strong>Vamos a la plaia!!!<\/strong><\/p>\n<p data-track-category=\"Link no Texto\" data-track-links=\"\"><strong>Reda\u00e7\u00e3o<\/strong><\/p>\n<\/div>\n<\/div>\n<\/div>\n<\/div>\n<\/div>\n","protected":false},"excerpt":{"rendered":"<p>Faltam somente\u00a0dois meses\u00a0para o fim do ano, mas 2023 ainda tem no calend\u00e1rio\u00a0tr\u00eas feriados nacionais.\u00a0O pr\u00f3ximo \u00e9 o Dia de Finados, nesta quinta-feira (2), que vem com possibilidade de &#8220;emenda&#8221; para alguns trabalhadores. Para quem gosta de esticar os feriados, as praias do Sul da Bahia s\u00e3o as mais procuradas pelos turistas do Sudoeste; Ilh\u00e9us, [&hellip;]<\/p>\n","protected":false},"author":2,"featured_media":113604,"comment_status":"closed","ping_status":"open","sticky":false,"template":"","format":"standard","meta":{"footnotes":"","_links_to":"","_links_to_target":""},"categories":[1],"tags":[],"class_list":["post-113603","post","type-post","status-publish","format-standard","has-post-thumbnail","hentry","category-geral"],"views":1072,"_links":{"self":[{"href":"https:\/\/www.sudoestehoje.com.br\/novoportal\/wp-json\/wp\/v2\/posts\/113603","targetHints":{"allow":["GET"]}}],"collection":[{"href":"https:\/\/www.sudoestehoje.com.br\/novoportal\/wp-json\/wp\/v2\/posts"}],"about":[{"href":"https:\/\/www.sudoestehoje.com.br\/novoportal\/wp-json\/wp\/v2\/types\/post"}],"author":[{"embeddable":true,"href":"https:\/\/www.sudoestehoje.com.br\/novoportal\/wp-json\/wp\/v2\/users\/2"}],"replies":[{"embeddable":true,"href":"https:\/\/www.sudoestehoje.com.br\/novoportal\/wp-json\/wp\/v2\/comments?post=113603"}],"version-history":[{"count":4,"href":"https:\/\/www.sudoestehoje.com.br\/novoportal\/wp-json\/wp\/v2\/posts\/113603\/revisions"}],"predecessor-version":[{"id":113608,"href":"https:\/\/www.sudoestehoje.com.br\/novoportal\/wp-json\/wp\/v2\/posts\/113603\/revisions\/113608"}],"wp:featuredmedia":[{"embeddable":true,"href":"https:\/\/www.sudoestehoje.com.br\/novoportal\/wp-json\/wp\/v2\/media\/113604"}],"wp:attachment":[{"href":"https:\/\/www.sudoestehoje.com.br\/novoportal\/wp-json\/wp\/v2\/media?parent=113603"}],"wp:term":[{"taxonomy":"category","embeddable":true,"href":"https:\/\/www.sudoestehoje.com.br\/novoportal\/wp-json\/wp\/v2\/categories?post=113603"},{"taxonomy":"post_tag","embeddable":true,"href":"https:\/\/www.sudoestehoje.com.br\/novoportal\/wp-json\/wp\/v2\/tags?post=113603"}],"curies":[{"name":"wp","href":"https:\/\/api.w.org\/{rel}","templated":true}]}}