
{"id":113591,"date":"2023-11-01T07:23:25","date_gmt":"2023-11-01T10:23:25","guid":{"rendered":"https:\/\/www.sudoestehoje.com.br\/novoportal\/?p=113591"},"modified":"2023-11-01T09:13:43","modified_gmt":"2023-11-01T12:13:43","slug":"sem-racha-juntos-uniao-brasil-e-mdb-definem-rumos-visando-eleicoes-de-2024","status":"publish","type":"post","link":"https:\/\/www.sudoestehoje.com.br\/novoportal\/2023\/11\/01\/sem-racha-juntos-uniao-brasil-e-mdb-definem-rumos-visando-eleicoes-de-2024\/","title":{"rendered":"SEM RACHA | JUNTOS, UNI\u00c3O BRASIL E MDB DEFINEM RUMOS VISANDO ELEI\u00c7\u00d5ES DE 2024"},"content":{"rendered":"<p><img loading=\"lazy\" decoding=\"async\" class=\"alignnone wp-image-113594\" src=\"https:\/\/www.sudoestehoje.com.br\/novoportal\/wp-content\/uploads\/2023\/11\/WhatsApp-Image-2023-11-01-at-07.16.12-600x346.jpeg\" alt=\"\" width=\"551\" height=\"318\" srcset=\"https:\/\/www.sudoestehoje.com.br\/novoportal\/wp-content\/uploads\/2023\/11\/WhatsApp-Image-2023-11-01-at-07.16.12-600x346.jpeg 600w, https:\/\/www.sudoestehoje.com.br\/novoportal\/wp-content\/uploads\/2023\/11\/WhatsApp-Image-2023-11-01-at-07.16.12-700x404.jpeg 700w, https:\/\/www.sudoestehoje.com.br\/novoportal\/wp-content\/uploads\/2023\/11\/WhatsApp-Image-2023-11-01-at-07.16.12-768x443.jpeg 768w, https:\/\/www.sudoestehoje.com.br\/novoportal\/wp-content\/uploads\/2023\/11\/WhatsApp-Image-2023-11-01-at-07.16.12.jpeg 992w\" sizes=\"auto, (max-width: 551px) 100vw, 551px\" \/><\/p>\n<p><strong>Uma reuni\u00e3o realizada na noite desta ter\u00e7a-feira (01), entre o prefeito Rodrigo Hagge e a c\u00fapula do Uni\u00e3o Brasil, definiu, mais uma vez, que os dois mais importantes grupos pol\u00edticos de Itapetinga marchar\u00e3o juntos nas elei\u00e7\u00f5es de 2024, o que j\u00e1 havia ocorrido em 2016 e 2020, com Rodrigo e Renan Pereira formando a chapa majorit\u00e1ria vencedora nos dois \u00faltimos pleitos municipais.\u00a0<\/strong><\/p>\n<p><strong>O encontro, de acordo com um participante, <em>&#8220;foi de suma import\u00e2ncia, para afastar de vez a possibilidade de &#8216;racha&#8217; entre os dois grupos, que s\u00e3o formados por pessoas maduras e experientes o suficiente para saberem o que \u00e9 melhor para Itapetinga&#8221;<\/em>.<\/strong><\/p>\n<p><strong>Do MDB, participaram o prefeito Rodrigo Hagge e os secret\u00e1rios Orlando Ribeiro e Carlito Ferraz, enquanto Dr. Jos\u00e9 Ot\u00e1vio Curvelo, o vice-prefeito Renan Pereira, Zildo Carvalho, Billy Grahan e o secret\u00e1rio Felizd\u00eanio Xavier representaram o Uni\u00e3o Brasil.\u00a0<\/strong><\/p>\n<p><strong>Nas redes sociais, o prefeito Rodrigo manifestou sua satisfa\u00e7\u00e3o com o resultado da reuni\u00e3o, que selou de vez a continuidade do acordo realizado em 2016.<\/strong><\/p>\n<p><strong>A oposi\u00e7\u00e3o, que contava desesperadamente com um racha, lamentou&#8230;<\/strong><\/p>\n<p><strong>Por Davi Ferraz\u00a0<\/strong><\/p>\n","protected":false},"excerpt":{"rendered":"<p>Uma reuni\u00e3o realizada na noite desta ter\u00e7a-feira (01), entre o prefeito Rodrigo Hagge e a c\u00fapula do Uni\u00e3o Brasil, definiu, mais uma vez, que os dois mais importantes grupos pol\u00edticos de Itapetinga marchar\u00e3o juntos nas elei\u00e7\u00f5es de 2024, o que j\u00e1 havia ocorrido em 2016 e 2020, com Rodrigo e Renan Pereira formando a chapa [&hellip;]<\/p>\n","protected":false},"author":2,"featured_media":113594,"comment_status":"closed","ping_status":"open","sticky":false,"template":"","format":"standard","meta":{"footnotes":"","_links_to":"","_links_to_target":""},"categories":[1],"tags":[],"class_list":["post-113591","post","type-post","status-publish","format-standard","has-post-thumbnail","hentry","category-geral"],"views":1324,"_links":{"self":[{"href":"https:\/\/www.sudoestehoje.com.br\/novoportal\/wp-json\/wp\/v2\/posts\/113591","targetHints":{"allow":["GET"]}}],"collection":[{"href":"https:\/\/www.sudoestehoje.com.br\/novoportal\/wp-json\/wp\/v2\/posts"}],"about":[{"href":"https:\/\/www.sudoestehoje.com.br\/novoportal\/wp-json\/wp\/v2\/types\/post"}],"author":[{"embeddable":true,"href":"https:\/\/www.sudoestehoje.com.br\/novoportal\/wp-json\/wp\/v2\/users\/2"}],"replies":[{"embeddable":true,"href":"https:\/\/www.sudoestehoje.com.br\/novoportal\/wp-json\/wp\/v2\/comments?post=113591"}],"version-history":[{"count":6,"href":"https:\/\/www.sudoestehoje.com.br\/novoportal\/wp-json\/wp\/v2\/posts\/113591\/revisions"}],"predecessor-version":[{"id":113598,"href":"https:\/\/www.sudoestehoje.com.br\/novoportal\/wp-json\/wp\/v2\/posts\/113591\/revisions\/113598"}],"wp:featuredmedia":[{"embeddable":true,"href":"https:\/\/www.sudoestehoje.com.br\/novoportal\/wp-json\/wp\/v2\/media\/113594"}],"wp:attachment":[{"href":"https:\/\/www.sudoestehoje.com.br\/novoportal\/wp-json\/wp\/v2\/media?parent=113591"}],"wp:term":[{"taxonomy":"category","embeddable":true,"href":"https:\/\/www.sudoestehoje.com.br\/novoportal\/wp-json\/wp\/v2\/categories?post=113591"},{"taxonomy":"post_tag","embeddable":true,"href":"https:\/\/www.sudoestehoje.com.br\/novoportal\/wp-json\/wp\/v2\/tags?post=113591"}],"curies":[{"name":"wp","href":"https:\/\/api.w.org\/{rel}","templated":true}]}}