
{"id":113588,"date":"2023-10-31T23:14:07","date_gmt":"2023-11-01T02:14:07","guid":{"rendered":"https:\/\/www.sudoestehoje.com.br\/novoportal\/?p=113588"},"modified":"2023-10-31T23:14:07","modified_gmt":"2023-11-01T02:14:07","slug":"regiao-caatiba-realiza-campanha-de-vacinacao-nesta-quarta-feira","status":"publish","type":"post","link":"https:\/\/www.sudoestehoje.com.br\/novoportal\/2023\/10\/31\/regiao-caatiba-realiza-campanha-de-vacinacao-nesta-quarta-feira\/","title":{"rendered":"REGI\u00c3O | CAATIBA REALIZA CAMPANHA DE VACINA\u00c7\u00c3O NESTA QUARTA-FEIRA"},"content":{"rendered":"<p><img loading=\"lazy\" decoding=\"async\" class=\"alignnone  wp-image-113589\" src=\"https:\/\/www.sudoestehoje.com.br\/novoportal\/wp-content\/uploads\/2023\/10\/397971889_1495488214326874_7012304990011301968_n.jpg\" alt=\"\" width=\"531\" height=\"531\" srcset=\"https:\/\/www.sudoestehoje.com.br\/novoportal\/wp-content\/uploads\/2023\/10\/397971889_1495488214326874_7012304990011301968_n.jpg 526w, https:\/\/www.sudoestehoje.com.br\/novoportal\/wp-content\/uploads\/2023\/10\/397971889_1495488214326874_7012304990011301968_n-150x150.jpg 150w\" sizes=\"auto, (max-width: 531px) 100vw, 531px\" \/><\/p>\n<p><strong>A Secretaria Municipal de Sa\u00fade estar\u00e1 realizando uma importante a\u00e7\u00e3o na nossa cidade. A equipe da Secretaria de Sa\u00fade, juntamente com o Z\u00e9 Gotinha, estar\u00e1 nesta quarta-feira (01), percorrendo as ruas, para verificar se o cart\u00e3o de vacina das crian\u00e7as est\u00e1 com o esquema vacinal completo e levando a vacina at\u00e9 voc\u00ea.<\/strong><\/p>\n<p><strong>\u00c9 fundamental garantir a sa\u00fade e bem-estar de nossas crian\u00e7as. Contamos com a colabora\u00e7\u00e3o de todos para mantermos nossa comunidade protegida. Fique atento \u00e0s datas e locais, e ajude-nos a cuidar do futuro de Caatiba!<\/strong><\/p>\n<p><strong><a href=\"https:\/\/www.facebook.com\/hashtag\/vacina%C3%A7%C3%A3ocaatiba?__eep__=6&amp;__cft__%5b0%5d=AZVSwGfAb72Gk5-2WgRpRrKzwA1ur6KCaaMSmznMja1rIUlHeqeLG_mFWsoHsDGlasQ-j6zye-gzVC9HyRrvZJv2I2p7gj73sKSEBAc0VHDdrzr1ysjPnjNX6IDpG68MZc9r026cshXT9hE9qwy0ClQ_60r2CN3B5zvMDOyNHi2LLg&amp;__tn__=*NK-R\">#Vacina\u00e7\u00e3oCaatiba<\/a> <a href=\"https:\/\/www.facebook.com\/hashtag\/sa%C3%BAde?__eep__=6&amp;__cft__%5b0%5d=AZVSwGfAb72Gk5-2WgRpRrKzwA1ur6KCaaMSmznMja1rIUlHeqeLG_mFWsoHsDGlasQ-j6zye-gzVC9HyRrvZJv2I2p7gj73sKSEBAc0VHDdrzr1ysjPnjNX6IDpG68MZc9r026cshXT9hE9qwy0ClQ_60r2CN3B5zvMDOyNHi2LLg&amp;__tn__=*NK-R\">#Sa\u00fade<\/a> <a href=\"https:\/\/www.facebook.com\/hashtag\/cuidandodenossascrian%C3%A7a?__eep__=6&amp;__cft__%5b0%5d=AZVSwGfAb72Gk5-2WgRpRrKzwA1ur6KCaaMSmznMja1rIUlHeqeLG_mFWsoHsDGlasQ-j6zye-gzVC9HyRrvZJv2I2p7gj73sKSEBAc0VHDdrzr1ysjPnjNX6IDpG68MZc9r026cshXT9hE9qwy0ClQ_60r2CN3B5zvMDOyNHi2LLg&amp;__tn__=*NK-R\">#CuidandoDeNossasCrian\u00e7a<\/a><\/strong><\/p>\n","protected":false},"excerpt":{"rendered":"<p>A Secretaria Municipal de Sa\u00fade estar\u00e1 realizando uma importante a\u00e7\u00e3o na nossa cidade. A equipe da Secretaria de Sa\u00fade, juntamente com o Z\u00e9 Gotinha, estar\u00e1 nesta quarta-feira (01), percorrendo as ruas, para verificar se o cart\u00e3o de vacina das crian\u00e7as est\u00e1 com o esquema vacinal completo e levando a vacina at\u00e9 voc\u00ea. \u00c9 fundamental garantir [&hellip;]<\/p>\n","protected":false},"author":2,"featured_media":113589,"comment_status":"closed","ping_status":"open","sticky":false,"template":"","format":"standard","meta":{"footnotes":"","_links_to":"","_links_to_target":""},"categories":[1],"tags":[],"class_list":["post-113588","post","type-post","status-publish","format-standard","has-post-thumbnail","hentry","category-geral"],"views":535,"_links":{"self":[{"href":"https:\/\/www.sudoestehoje.com.br\/novoportal\/wp-json\/wp\/v2\/posts\/113588","targetHints":{"allow":["GET"]}}],"collection":[{"href":"https:\/\/www.sudoestehoje.com.br\/novoportal\/wp-json\/wp\/v2\/posts"}],"about":[{"href":"https:\/\/www.sudoestehoje.com.br\/novoportal\/wp-json\/wp\/v2\/types\/post"}],"author":[{"embeddable":true,"href":"https:\/\/www.sudoestehoje.com.br\/novoportal\/wp-json\/wp\/v2\/users\/2"}],"replies":[{"embeddable":true,"href":"https:\/\/www.sudoestehoje.com.br\/novoportal\/wp-json\/wp\/v2\/comments?post=113588"}],"version-history":[{"count":1,"href":"https:\/\/www.sudoestehoje.com.br\/novoportal\/wp-json\/wp\/v2\/posts\/113588\/revisions"}],"predecessor-version":[{"id":113590,"href":"https:\/\/www.sudoestehoje.com.br\/novoportal\/wp-json\/wp\/v2\/posts\/113588\/revisions\/113590"}],"wp:featuredmedia":[{"embeddable":true,"href":"https:\/\/www.sudoestehoje.com.br\/novoportal\/wp-json\/wp\/v2\/media\/113589"}],"wp:attachment":[{"href":"https:\/\/www.sudoestehoje.com.br\/novoportal\/wp-json\/wp\/v2\/media?parent=113588"}],"wp:term":[{"taxonomy":"category","embeddable":true,"href":"https:\/\/www.sudoestehoje.com.br\/novoportal\/wp-json\/wp\/v2\/categories?post=113588"},{"taxonomy":"post_tag","embeddable":true,"href":"https:\/\/www.sudoestehoje.com.br\/novoportal\/wp-json\/wp\/v2\/tags?post=113588"}],"curies":[{"name":"wp","href":"https:\/\/api.w.org\/{rel}","templated":true}]}}