
{"id":113581,"date":"2023-10-30T16:18:56","date_gmt":"2023-10-30T19:18:56","guid":{"rendered":"https:\/\/www.sudoestehoje.com.br\/novoportal\/?p=113581"},"modified":"2023-10-30T16:18:56","modified_gmt":"2023-10-30T19:18:56","slug":"feriadao-rodrigo-confirma-decreto-de-ponto-facultativo-na-sexta-feira","status":"publish","type":"post","link":"https:\/\/www.sudoestehoje.com.br\/novoportal\/2023\/10\/30\/feriadao-rodrigo-confirma-decreto-de-ponto-facultativo-na-sexta-feira\/","title":{"rendered":"FERIAD\u00c3O | RODRIGO CONFIRMA DECRETO DE PONTO FACULTATIVO NA SEXTA-FEIRA"},"content":{"rendered":"<p><img loading=\"lazy\" decoding=\"async\" class=\"alignnone  wp-image-113582\" src=\"https:\/\/www.sudoestehoje.com.br\/novoportal\/wp-content\/uploads\/2023\/10\/carrossel-ponto-facultativo-600x338.jpeg\" alt=\"\" width=\"549\" height=\"309\" srcset=\"https:\/\/www.sudoestehoje.com.br\/novoportal\/wp-content\/uploads\/2023\/10\/carrossel-ponto-facultativo-600x338.jpeg 600w, https:\/\/www.sudoestehoje.com.br\/novoportal\/wp-content\/uploads\/2023\/10\/carrossel-ponto-facultativo-700x394.jpeg 700w, https:\/\/www.sudoestehoje.com.br\/novoportal\/wp-content\/uploads\/2023\/10\/carrossel-ponto-facultativo.jpeg 768w\" sizes=\"auto, (max-width: 549px) 100vw, 549px\" \/><\/p>\n<p><strong>Ao <em>Sudoeste Hoje<\/em>, o prefeito de Itapetinga, Rodrigo Hagge, confirmou que vai baixar decreto de &#8216;Ponto Facultativo&#8217; para a pr\u00f3xima sexta-feira (3), data p\u00f3s-feriado de finados.<\/strong><\/p>\n<p><strong>Como de praxe, as reparti\u00e7\u00f5es p\u00fablicas municipais s\u00f3 voltar\u00e3o a funcionar na segunda-feira, dia 6 de novembro, com exce\u00e7\u00e3o dos servi\u00e7os considerados essenciais, que n\u00e3o podem sofrer solu\u00e7\u00e3o de continuidade.<\/strong><\/p>\n<p><strong>Bom feriad\u00e3o para quem pode e quem n\u00e3o pode tamb\u00e9m!<\/strong><\/p>\n<p><strong>Por Davi Ferraz<\/strong><\/p>\n","protected":false},"excerpt":{"rendered":"<p>Ao Sudoeste Hoje, o prefeito de Itapetinga, Rodrigo Hagge, confirmou que vai baixar decreto de &#8216;Ponto Facultativo&#8217; para a pr\u00f3xima sexta-feira (3), data p\u00f3s-feriado de finados. Como de praxe, as reparti\u00e7\u00f5es p\u00fablicas municipais s\u00f3 voltar\u00e3o a funcionar na segunda-feira, dia 6 de novembro, com exce\u00e7\u00e3o dos servi\u00e7os considerados essenciais, que n\u00e3o podem sofrer solu\u00e7\u00e3o de [&hellip;]<\/p>\n","protected":false},"author":2,"featured_media":113582,"comment_status":"closed","ping_status":"open","sticky":false,"template":"","format":"standard","meta":{"footnotes":"","_links_to":"","_links_to_target":""},"categories":[1],"tags":[],"class_list":["post-113581","post","type-post","status-publish","format-standard","has-post-thumbnail","hentry","category-geral"],"views":1279,"_links":{"self":[{"href":"https:\/\/www.sudoestehoje.com.br\/novoportal\/wp-json\/wp\/v2\/posts\/113581","targetHints":{"allow":["GET"]}}],"collection":[{"href":"https:\/\/www.sudoestehoje.com.br\/novoportal\/wp-json\/wp\/v2\/posts"}],"about":[{"href":"https:\/\/www.sudoestehoje.com.br\/novoportal\/wp-json\/wp\/v2\/types\/post"}],"author":[{"embeddable":true,"href":"https:\/\/www.sudoestehoje.com.br\/novoportal\/wp-json\/wp\/v2\/users\/2"}],"replies":[{"embeddable":true,"href":"https:\/\/www.sudoestehoje.com.br\/novoportal\/wp-json\/wp\/v2\/comments?post=113581"}],"version-history":[{"count":1,"href":"https:\/\/www.sudoestehoje.com.br\/novoportal\/wp-json\/wp\/v2\/posts\/113581\/revisions"}],"predecessor-version":[{"id":113583,"href":"https:\/\/www.sudoestehoje.com.br\/novoportal\/wp-json\/wp\/v2\/posts\/113581\/revisions\/113583"}],"wp:featuredmedia":[{"embeddable":true,"href":"https:\/\/www.sudoestehoje.com.br\/novoportal\/wp-json\/wp\/v2\/media\/113582"}],"wp:attachment":[{"href":"https:\/\/www.sudoestehoje.com.br\/novoportal\/wp-json\/wp\/v2\/media?parent=113581"}],"wp:term":[{"taxonomy":"category","embeddable":true,"href":"https:\/\/www.sudoestehoje.com.br\/novoportal\/wp-json\/wp\/v2\/categories?post=113581"},{"taxonomy":"post_tag","embeddable":true,"href":"https:\/\/www.sudoestehoje.com.br\/novoportal\/wp-json\/wp\/v2\/tags?post=113581"}],"curies":[{"name":"wp","href":"https:\/\/api.w.org\/{rel}","templated":true}]}}