
{"id":113541,"date":"2023-10-27T23:54:59","date_gmt":"2023-10-28T02:54:59","guid":{"rendered":"https:\/\/www.sudoestehoje.com.br\/novoportal\/?p=113541"},"modified":"2023-10-28T00:04:20","modified_gmt":"2023-10-28T03:04:20","slug":"marido-da-cantora-gospel-samara-mariano-confessa-o-crime-e-a-preso","status":"publish","type":"post","link":"https:\/\/www.sudoestehoje.com.br\/novoportal\/2023\/10\/27\/marido-da-cantora-gospel-samara-mariano-confessa-o-crime-e-a-preso\/","title":{"rendered":"MARIDO DA CANTORA GOSPEL SAMARA MARIANO CONFESSA O CRIME E \u00c9 PRESO"},"content":{"rendered":"<p><img loading=\"lazy\" decoding=\"async\" class=\"alignnone wp-image-113542\" src=\"https:\/\/www.sudoestehoje.com.br\/novoportal\/wp-content\/uploads\/2023\/10\/img_9320-2-1-600x338.jpg\" alt=\"\" width=\"550\" height=\"310\" srcset=\"https:\/\/www.sudoestehoje.com.br\/novoportal\/wp-content\/uploads\/2023\/10\/img_9320-2-1-600x338.jpg 600w, https:\/\/www.sudoestehoje.com.br\/novoportal\/wp-content\/uploads\/2023\/10\/img_9320-2-1-700x394.jpg 700w, https:\/\/www.sudoestehoje.com.br\/novoportal\/wp-content\/uploads\/2023\/10\/img_9320-2-1-768x432.jpg 768w, https:\/\/www.sudoestehoje.com.br\/novoportal\/wp-content\/uploads\/2023\/10\/img_9320-2-1.jpg 800w\" sizes=\"auto, (max-width: 550px) 100vw, 550px\" \/><\/p>\n<p><strong>O\u00a0corpo da cantora foi encontrado nesta sexta, na BA-093, na regi\u00e3o de Dias D\u2019\u00e1vila. O cad\u00e1ver estava completamente queimado e foi achado em uma regi\u00e3o de mata, \u00e0s margens da estrada. Ederlan foi o respons\u00e1vel por confirmar a identidade.<\/strong><\/p>\n<p><strong>Mais cedo, em entrevista ao BNews, a irm\u00e3 da pastora, Soraya Correa, contou que acreditava que Ederlan era o principal suspeito do crime.<\/strong><\/p>\n<p><strong>\u201cEle n\u00e3o valia nada. Eu s\u00f3 estava esperando a \u2018bomba\u2019 estourar porque eu esperava encontrar minha irm\u00e3 em vida.\u00a0Para minha m\u00e3e, o suspeito \u00e9 ele. Foi ele e mais algu\u00e9m que planejou isso. N\u00e3o sei porque ele fez isso, mas a justi\u00e7a, em nome de Jesus, ser\u00e1 feita\u201d, declarou a jovem.<\/strong><\/p>\n<p><strong>Ainda segundo Soraya, a pastora nunca havia denunciado qualquer agress\u00e3o f\u00edsica por parte do homem, no entanto, ele costumava beber com frequ\u00eancia e quebrar objetos da casa da cantora. \u201cEle se dizia pastor, mas bebia todos os dias, quebrava tudo em casa\u201d, explicou.<\/strong><\/p>\n<p><strong>Questionada sobre a suposta apresenta\u00e7\u00e3o a qual Sara Mariana iria em Dias d\u2019\u00c1vila, Soraya declarou acreditar que esse evento jamais existiu. \u201cFiquei sabendo dessa apresenta\u00e7\u00e3o atrav\u00e9s dele e ele s\u00f3 me contou na quarta-feira que ela tinha sumido\u201d, disse a entrevistada.<\/strong><\/p>\n","protected":false},"excerpt":{"rendered":"<p>O\u00a0corpo da cantora foi encontrado nesta sexta, na BA-093, na regi\u00e3o de Dias D\u2019\u00e1vila. O cad\u00e1ver estava completamente queimado e foi achado em uma regi\u00e3o de mata, \u00e0s margens da estrada. Ederlan foi o respons\u00e1vel por confirmar a identidade. Mais cedo, em entrevista ao BNews, a irm\u00e3 da pastora, Soraya Correa, contou que acreditava que [&hellip;]<\/p>\n","protected":false},"author":2,"featured_media":113542,"comment_status":"closed","ping_status":"open","sticky":false,"template":"","format":"standard","meta":{"footnotes":"","_links_to":"","_links_to_target":""},"categories":[1],"tags":[],"class_list":["post-113541","post","type-post","status-publish","format-standard","has-post-thumbnail","hentry","category-geral"],"views":3421,"_links":{"self":[{"href":"https:\/\/www.sudoestehoje.com.br\/novoportal\/wp-json\/wp\/v2\/posts\/113541","targetHints":{"allow":["GET"]}}],"collection":[{"href":"https:\/\/www.sudoestehoje.com.br\/novoportal\/wp-json\/wp\/v2\/posts"}],"about":[{"href":"https:\/\/www.sudoestehoje.com.br\/novoportal\/wp-json\/wp\/v2\/types\/post"}],"author":[{"embeddable":true,"href":"https:\/\/www.sudoestehoje.com.br\/novoportal\/wp-json\/wp\/v2\/users\/2"}],"replies":[{"embeddable":true,"href":"https:\/\/www.sudoestehoje.com.br\/novoportal\/wp-json\/wp\/v2\/comments?post=113541"}],"version-history":[{"count":3,"href":"https:\/\/www.sudoestehoje.com.br\/novoportal\/wp-json\/wp\/v2\/posts\/113541\/revisions"}],"predecessor-version":[{"id":113545,"href":"https:\/\/www.sudoestehoje.com.br\/novoportal\/wp-json\/wp\/v2\/posts\/113541\/revisions\/113545"}],"wp:featuredmedia":[{"embeddable":true,"href":"https:\/\/www.sudoestehoje.com.br\/novoportal\/wp-json\/wp\/v2\/media\/113542"}],"wp:attachment":[{"href":"https:\/\/www.sudoestehoje.com.br\/novoportal\/wp-json\/wp\/v2\/media?parent=113541"}],"wp:term":[{"taxonomy":"category","embeddable":true,"href":"https:\/\/www.sudoestehoje.com.br\/novoportal\/wp-json\/wp\/v2\/categories?post=113541"},{"taxonomy":"post_tag","embeddable":true,"href":"https:\/\/www.sudoestehoje.com.br\/novoportal\/wp-json\/wp\/v2\/tags?post=113541"}],"curies":[{"name":"wp","href":"https:\/\/api.w.org\/{rel}","templated":true}]}}