
{"id":113500,"date":"2023-10-26T10:26:43","date_gmt":"2023-10-26T13:26:43","guid":{"rendered":"https:\/\/www.sudoestehoje.com.br\/novoportal\/?p=113500"},"modified":"2023-10-26T10:51:42","modified_gmt":"2023-10-26T13:51:42","slug":"coopardo-participa-do-1o-congresso-do-agronegocio-do-oeste-da-bahia","status":"publish","type":"post","link":"https:\/\/www.sudoestehoje.com.br\/novoportal\/2023\/10\/26\/coopardo-participa-do-1o-congresso-do-agronegocio-do-oeste-da-bahia\/","title":{"rendered":"COOPARDO PARTICIPA DO 1\u00ba CONGRESSO DO AGRONEG\u00d3CIO DO OESTE DA BAHIA"},"content":{"rendered":"<p><img loading=\"lazy\" decoding=\"async\" class=\"alignnone wp-image-113504\" src=\"https:\/\/www.sudoestehoje.com.br\/novoportal\/wp-content\/uploads\/2023\/10\/alex-600x450.jpg\" alt=\"\" width=\"551\" height=\"413\" srcset=\"https:\/\/www.sudoestehoje.com.br\/novoportal\/wp-content\/uploads\/2023\/10\/alex-600x450.jpg 600w, https:\/\/www.sudoestehoje.com.br\/novoportal\/wp-content\/uploads\/2023\/10\/alex-700x525.jpg 700w, https:\/\/www.sudoestehoje.com.br\/novoportal\/wp-content\/uploads\/2023\/10\/alex-768x576.jpg 768w, https:\/\/www.sudoestehoje.com.br\/novoportal\/wp-content\/uploads\/2023\/10\/alex-1536x1152.jpg 1536w, https:\/\/www.sudoestehoje.com.br\/novoportal\/wp-content\/uploads\/2023\/10\/alex.jpg 1600w\" sizes=\"auto, (max-width: 551px) 100vw, 551px\" \/><\/p>\n<p><strong>Representantes da COOPARDO, maior cooperativa agropecu\u00e1ria do Sudoeste da Bahia, est\u00e3o participando do 1\u00ba Congresso do Agroneg\u00f3cio do Oeste da Bahia, realizado na cidade de Luiz Eduardo Magalh\u00e3es, importante munic\u00edpio do estado, localizado em um dos mais importantes polos do agroneg\u00f3cio do Nordeste.<\/strong><\/p>\n<p><strong>Em contato com o Sudoeste Hoje, o diretor presidente da Coopardo, Alex Coelho, ressaltou a import\u00e2ncia do evento, que tem como um dos palestrantes a presidente da OAB da Bahia, Daniela Borges, ilustre itapetinguense que vem se destacando no mundo jur\u00eddico a n\u00edvel nacional, al\u00e9m do presidente da OCEB, entidade representativa de todas a cooperativas agropecu\u00e1ria baianas.<\/strong><\/p>\n<p><strong>Segundo Alex Coelho, que participa do congresso acompanhado do diretor comercial Alberto Nolasco, o evento \u00e9 de alto n\u00edvel e tem a participa\u00e7\u00e3o de grandes produtores do estado da Bahia e de outros centros produtivos nacionais.<\/strong><\/p>\n<p><strong>Alex ainda destacou, a participa\u00e7\u00e3o ativa do n\u00facleo baiano das mulheres do agro, grupo atuante que cresce em Itapetinga e regi\u00e3o, com incentivo da Coopardo. <em>Confira fotos:<\/em><\/strong><\/p>\n\n\t\t<style type=\"text\/css\">\n\t\t\t#gallery-1 {\n\t\t\t\tmargin: auto;\n\t\t\t}\n\t\t\t#gallery-1 .gallery-item {\n\t\t\t\tfloat: left;\n\t\t\t\tmargin-top: 10px;\n\t\t\t\ttext-align: center;\n\t\t\t\twidth: 33%;\n\t\t\t}\n\t\t\t#gallery-1 img {\n\t\t\t\tborder: 2px solid #cfcfcf;\n\t\t\t}\n\t\t\t#gallery-1 .gallery-caption {\n\t\t\t\tmargin-left: 0;\n\t\t\t}\n\t\t\t\/* see gallery_shortcode() in wp-includes\/media.php *\/\n\t\t<\/style>\n\t\t<div id='gallery-1' class='gallery galleryid-113500 gallery-columns-3 gallery-size-thumbnail'><dl class='gallery-item'>\n\t\t\t<dt class='gallery-icon landscape'>\n\t\t\t\t<a href='https:\/\/www.sudoestehoje.com.br\/novoportal\/2023\/10\/26\/coopardo-participa-do-1o-congresso-do-agronegocio-do-oeste-da-bahia\/whatsapp-image-2023-10-26-at-09-26-46-1-2\/'><img loading=\"lazy\" decoding=\"async\" width=\"150\" height=\"150\" src=\"https:\/\/www.sudoestehoje.com.br\/novoportal\/wp-content\/uploads\/2023\/10\/WhatsApp-Image-2023-10-26-at-09.26.46-1-1-150x150.jpeg\" class=\"attachment-thumbnail size-thumbnail\" alt=\"\" \/><\/a>\n\t\t\t<\/dt><\/dl><dl class='gallery-item'>\n\t\t\t<dt class='gallery-icon landscape'>\n\t\t\t\t<a href='https:\/\/www.sudoestehoje.com.br\/novoportal\/2023\/10\/26\/coopardo-participa-do-1o-congresso-do-agronegocio-do-oeste-da-bahia\/whatsapp-image-2023-10-26-at-10-35-54\/'><img loading=\"lazy\" decoding=\"async\" width=\"150\" height=\"150\" src=\"https:\/\/www.sudoestehoje.com.br\/novoportal\/wp-content\/uploads\/2023\/10\/WhatsApp-Image-2023-10-26-at-10.35.54-150x150.jpeg\" class=\"attachment-thumbnail size-thumbnail\" alt=\"\" \/><\/a>\n\t\t\t<\/dt><\/dl><dl class='gallery-item'>\n\t\t\t<dt class='gallery-icon portrait'>\n\t\t\t\t<a href='https:\/\/www.sudoestehoje.com.br\/novoportal\/2023\/10\/26\/coopardo-participa-do-1o-congresso-do-agronegocio-do-oeste-da-bahia\/whatsapp-image-2023-10-26-at-09-26-48-3\/'><img loading=\"lazy\" decoding=\"async\" width=\"150\" height=\"150\" src=\"https:\/\/www.sudoestehoje.com.br\/novoportal\/wp-content\/uploads\/2023\/10\/WhatsApp-Image-2023-10-26-at-09.26.48-3-150x150.jpeg\" class=\"attachment-thumbnail size-thumbnail\" alt=\"\" \/><\/a>\n\t\t\t<\/dt><\/dl><br style=\"clear: both\" \/><dl class='gallery-item'>\n\t\t\t<dt class='gallery-icon portrait'>\n\t\t\t\t<a href='https:\/\/www.sudoestehoje.com.br\/novoportal\/2023\/10\/26\/coopardo-participa-do-1o-congresso-do-agronegocio-do-oeste-da-bahia\/whatsapp-image-2023-10-26-at-09-26-48-1\/'><img loading=\"lazy\" decoding=\"async\" width=\"150\" height=\"150\" src=\"https:\/\/www.sudoestehoje.com.br\/novoportal\/wp-content\/uploads\/2023\/10\/WhatsApp-Image-2023-10-26-at-09.26.48-1-150x150.jpeg\" class=\"attachment-thumbnail size-thumbnail\" alt=\"\" \/><\/a>\n\t\t\t<\/dt><\/dl><dl class='gallery-item'>\n\t\t\t<dt class='gallery-icon landscape'>\n\t\t\t\t<a href='https:\/\/www.sudoestehoje.com.br\/novoportal\/2023\/10\/26\/coopardo-participa-do-1o-congresso-do-agronegocio-do-oeste-da-bahia\/whatsapp-image-2023-10-26-at-09-26-47-4\/'><img loading=\"lazy\" decoding=\"async\" width=\"150\" height=\"150\" src=\"https:\/\/www.sudoestehoje.com.br\/novoportal\/wp-content\/uploads\/2023\/10\/WhatsApp-Image-2023-10-26-at-09.26.47-4-150x150.jpeg\" class=\"attachment-thumbnail size-thumbnail\" alt=\"\" \/><\/a>\n\t\t\t<\/dt><\/dl><dl class='gallery-item'>\n\t\t\t<dt class='gallery-icon landscape'>\n\t\t\t\t<a href='https:\/\/www.sudoestehoje.com.br\/novoportal\/2023\/10\/26\/coopardo-participa-do-1o-congresso-do-agronegocio-do-oeste-da-bahia\/whatsapp-image-2023-10-26-at-09-26-47\/'><img loading=\"lazy\" decoding=\"async\" width=\"150\" height=\"150\" src=\"https:\/\/www.sudoestehoje.com.br\/novoportal\/wp-content\/uploads\/2023\/10\/WhatsApp-Image-2023-10-26-at-09.26.47-150x150.jpeg\" class=\"attachment-thumbnail size-thumbnail\" alt=\"\" \/><\/a>\n\t\t\t<\/dt><\/dl><br style=\"clear: both\" \/>\n\t\t<\/div>\n\n","protected":false},"excerpt":{"rendered":"<p>Representantes da COOPARDO, maior cooperativa agropecu\u00e1ria do Sudoeste da Bahia, est\u00e3o participando do 1\u00ba Congresso do Agroneg\u00f3cio do Oeste da Bahia, realizado na cidade de Luiz Eduardo Magalh\u00e3es, importante munic\u00edpio do estado, localizado em um dos mais importantes polos do agroneg\u00f3cio do Nordeste. Em contato com o Sudoeste Hoje, o diretor presidente da Coopardo, Alex [&hellip;]<\/p>\n","protected":false},"author":2,"featured_media":113504,"comment_status":"closed","ping_status":"open","sticky":false,"template":"","format":"standard","meta":{"footnotes":"","_links_to":"","_links_to_target":""},"categories":[1],"tags":[],"class_list":["post-113500","post","type-post","status-publish","format-standard","has-post-thumbnail","hentry","category-geral"],"views":1010,"_links":{"self":[{"href":"https:\/\/www.sudoestehoje.com.br\/novoportal\/wp-json\/wp\/v2\/posts\/113500","targetHints":{"allow":["GET"]}}],"collection":[{"href":"https:\/\/www.sudoestehoje.com.br\/novoportal\/wp-json\/wp\/v2\/posts"}],"about":[{"href":"https:\/\/www.sudoestehoje.com.br\/novoportal\/wp-json\/wp\/v2\/types\/post"}],"author":[{"embeddable":true,"href":"https:\/\/www.sudoestehoje.com.br\/novoportal\/wp-json\/wp\/v2\/users\/2"}],"replies":[{"embeddable":true,"href":"https:\/\/www.sudoestehoje.com.br\/novoportal\/wp-json\/wp\/v2\/comments?post=113500"}],"version-history":[{"count":5,"href":"https:\/\/www.sudoestehoje.com.br\/novoportal\/wp-json\/wp\/v2\/posts\/113500\/revisions"}],"predecessor-version":[{"id":113519,"href":"https:\/\/www.sudoestehoje.com.br\/novoportal\/wp-json\/wp\/v2\/posts\/113500\/revisions\/113519"}],"wp:featuredmedia":[{"embeddable":true,"href":"https:\/\/www.sudoestehoje.com.br\/novoportal\/wp-json\/wp\/v2\/media\/113504"}],"wp:attachment":[{"href":"https:\/\/www.sudoestehoje.com.br\/novoportal\/wp-json\/wp\/v2\/media?parent=113500"}],"wp:term":[{"taxonomy":"category","embeddable":true,"href":"https:\/\/www.sudoestehoje.com.br\/novoportal\/wp-json\/wp\/v2\/categories?post=113500"},{"taxonomy":"post_tag","embeddable":true,"href":"https:\/\/www.sudoestehoje.com.br\/novoportal\/wp-json\/wp\/v2\/tags?post=113500"}],"curies":[{"name":"wp","href":"https:\/\/api.w.org\/{rel}","templated":true}]}}