
{"id":113486,"date":"2023-10-25T11:40:45","date_gmt":"2023-10-25T14:40:45","guid":{"rendered":"https:\/\/www.sudoestehoje.com.br\/novoportal\/?p=113486"},"modified":"2023-10-25T11:40:45","modified_gmt":"2023-10-25T14:40:45","slug":"pedro-tavares-diz-que-suspensao-da-fenagro-prejudica-o-agronegocio-e-deixa-de-gerar-oportunidades-para-a-economia","status":"publish","type":"post","link":"https:\/\/www.sudoestehoje.com.br\/novoportal\/2023\/10\/25\/pedro-tavares-diz-que-suspensao-da-fenagro-prejudica-o-agronegocio-e-deixa-de-gerar-oportunidades-para-a-economia\/","title":{"rendered":"PEDRO TAVARES DIZ QUE SUSPENS\u00c3O DA FENAGRO PREJUDICA O AGRONEG\u00d3CIO E DEIXA DE GERAR OPORTUNIDADES PARA A ECONOMIA"},"content":{"rendered":"<p><img loading=\"lazy\" decoding=\"async\" class=\"alignnone  wp-image-113489\" src=\"https:\/\/www.sudoestehoje.com.br\/novoportal\/wp-content\/uploads\/2023\/10\/WhatsApp-Image-2023-10-25-at-11.35.18-600x496.jpeg\" alt=\"\" width=\"549\" height=\"454\" srcset=\"https:\/\/www.sudoestehoje.com.br\/novoportal\/wp-content\/uploads\/2023\/10\/WhatsApp-Image-2023-10-25-at-11.35.18-600x496.jpeg 600w, https:\/\/www.sudoestehoje.com.br\/novoportal\/wp-content\/uploads\/2023\/10\/WhatsApp-Image-2023-10-25-at-11.35.18-700x579.jpeg 700w, https:\/\/www.sudoestehoje.com.br\/novoportal\/wp-content\/uploads\/2023\/10\/WhatsApp-Image-2023-10-25-at-11.35.18-768x635.jpeg 768w, https:\/\/www.sudoestehoje.com.br\/novoportal\/wp-content\/uploads\/2023\/10\/WhatsApp-Image-2023-10-25-at-11.35.18.jpeg 1075w\" sizes=\"auto, (max-width: 549px) 100vw, 549px\" \/><\/p>\n<p><strong>O deputado estadual Pedro Tavares lamentou a decis\u00e3o da Secretaria de Agricultura, Pecu\u00e1ria, Irriga\u00e7\u00e3o, Pesca e Aquicultura da Bahia (Seagri), de cancelar a Feira Internacional da Agropecu\u00e1ria (Fenagro), um evento considerado de grande import\u00e2ncia para o setor agropecu\u00e1rio e para a economia baiana. <\/strong><\/p>\n<p><strong>O parlamentar avalia que a suspens\u00e3o afeta significativamente n\u00e3o s\u00f3 o agroneg\u00f3cio, mas tamb\u00e9m leva preju\u00edzos a outros setores, deixando de gerar oportunidades de renda.<\/strong><\/p>\n<p><strong><em>\u201c\u00c9 inadmiss\u00edvel e lament\u00e1vel essa decis\u00e3o, ainda mais na proximidade da data do evento, quando todos j\u00e1 tinham certeza da realiza\u00e7\u00e3o e sem uma justificativa cab\u00edvel. Infelizmente s\u00e3o oportunidades que deixam de ser geradas, lembrando que a Fenagro, segundo a Faeb, movimenta mais de R$ 150 milh\u00f5es em neg\u00f3cios, sendo muito importante tamb\u00e9m na capacita\u00e7\u00e3o e dissemina\u00e7\u00e3o de conhecimento para os produtores rurais. O agroneg\u00f3cio \u00e9 um dos pilares na gera\u00e7\u00e3o de emprego e renda, ou seja, a Bahia perde muito sem a realiza\u00e7\u00e3o dessa Feira, relevante n\u00e3o s\u00f3 para o estado, mas para toda a regi\u00e3o Nordeste. Nossa solidariedade ao setor agropecu\u00e1rio baiano\u201d<\/em>, afirmou. \/\/Ascom deputado estadual Pedro Tavares<\/strong><\/p>\n","protected":false},"excerpt":{"rendered":"<p>O deputado estadual Pedro Tavares lamentou a decis\u00e3o da Secretaria de Agricultura, Pecu\u00e1ria, Irriga\u00e7\u00e3o, Pesca e Aquicultura da Bahia (Seagri), de cancelar a Feira Internacional da Agropecu\u00e1ria (Fenagro), um evento considerado de grande import\u00e2ncia para o setor agropecu\u00e1rio e para a economia baiana. O parlamentar avalia que a suspens\u00e3o afeta significativamente n\u00e3o s\u00f3 o agroneg\u00f3cio, [&hellip;]<\/p>\n","protected":false},"author":2,"featured_media":113489,"comment_status":"closed","ping_status":"open","sticky":false,"template":"","format":"standard","meta":{"footnotes":"","_links_to":"","_links_to_target":""},"categories":[1],"tags":[],"class_list":["post-113486","post","type-post","status-publish","format-standard","has-post-thumbnail","hentry","category-geral"],"views":549,"_links":{"self":[{"href":"https:\/\/www.sudoestehoje.com.br\/novoportal\/wp-json\/wp\/v2\/posts\/113486","targetHints":{"allow":["GET"]}}],"collection":[{"href":"https:\/\/www.sudoestehoje.com.br\/novoportal\/wp-json\/wp\/v2\/posts"}],"about":[{"href":"https:\/\/www.sudoestehoje.com.br\/novoportal\/wp-json\/wp\/v2\/types\/post"}],"author":[{"embeddable":true,"href":"https:\/\/www.sudoestehoje.com.br\/novoportal\/wp-json\/wp\/v2\/users\/2"}],"replies":[{"embeddable":true,"href":"https:\/\/www.sudoestehoje.com.br\/novoportal\/wp-json\/wp\/v2\/comments?post=113486"}],"version-history":[{"count":3,"href":"https:\/\/www.sudoestehoje.com.br\/novoportal\/wp-json\/wp\/v2\/posts\/113486\/revisions"}],"predecessor-version":[{"id":113491,"href":"https:\/\/www.sudoestehoje.com.br\/novoportal\/wp-json\/wp\/v2\/posts\/113486\/revisions\/113491"}],"wp:featuredmedia":[{"embeddable":true,"href":"https:\/\/www.sudoestehoje.com.br\/novoportal\/wp-json\/wp\/v2\/media\/113489"}],"wp:attachment":[{"href":"https:\/\/www.sudoestehoje.com.br\/novoportal\/wp-json\/wp\/v2\/media?parent=113486"}],"wp:term":[{"taxonomy":"category","embeddable":true,"href":"https:\/\/www.sudoestehoje.com.br\/novoportal\/wp-json\/wp\/v2\/categories?post=113486"},{"taxonomy":"post_tag","embeddable":true,"href":"https:\/\/www.sudoestehoje.com.br\/novoportal\/wp-json\/wp\/v2\/tags?post=113486"}],"curies":[{"name":"wp","href":"https:\/\/api.w.org\/{rel}","templated":true}]}}