
{"id":113475,"date":"2023-10-25T08:31:54","date_gmt":"2023-10-25T11:31:54","guid":{"rendered":"https:\/\/www.sudoestehoje.com.br\/novoportal\/?p=113475"},"modified":"2023-10-25T08:31:54","modified_gmt":"2023-10-25T11:31:54","slug":"tres-pessoas-da-mesma-familia-morrem-em-acidente-entre-carro-e-carreta-na-br-101","status":"publish","type":"post","link":"https:\/\/www.sudoestehoje.com.br\/novoportal\/2023\/10\/25\/tres-pessoas-da-mesma-familia-morrem-em-acidente-entre-carro-e-carreta-na-br-101\/","title":{"rendered":"TR\u00caS PESSOAS DA MESMA FAM\u00cdLIA MORREM EM ACIDENTE ENTRE CARRO E CARRETA NA BR-101"},"content":{"rendered":"<div id=\"chunk-bfo7t\">\n<div class=\"mc-column content-text active-extra-styles \" data-block-type=\"unstyled\" data-block-weight=\"49\" data-block-id=\"3\">\n<p data-track-category=\"Link no Texto\" data-track-links=\"\"><img loading=\"lazy\" decoding=\"async\" class=\"alignnone  wp-image-113476\" src=\"https:\/\/www.sudoestehoje.com.br\/novoportal\/wp-content\/uploads\/2023\/10\/design-sem-nome-9--600x376.webp\" alt=\"\" width=\"549\" height=\"344\" srcset=\"https:\/\/www.sudoestehoje.com.br\/novoportal\/wp-content\/uploads\/2023\/10\/design-sem-nome-9--600x376.webp 600w, https:\/\/www.sudoestehoje.com.br\/novoportal\/wp-content\/uploads\/2023\/10\/design-sem-nome-9--700x438.webp 700w, https:\/\/www.sudoestehoje.com.br\/novoportal\/wp-content\/uploads\/2023\/10\/design-sem-nome-9--768x481.webp 768w, https:\/\/www.sudoestehoje.com.br\/novoportal\/wp-content\/uploads\/2023\/10\/design-sem-nome-9-.webp 984w\" sizes=\"auto, (max-width: 549px) 100vw, 549px\" \/><\/p>\n<p class=\" content-text__container \" data-track-category=\"Link no Texto\" data-track-links=\"\"><strong>Quatro pessoas morreram, entre elas uma crian\u00e7a de 11 anos, ap\u00f3s um acidente entre um carro e um carreta na segunda-feira (23), na BR-101, pr\u00f3ximo ao munic\u00edpio de\u00a0<a class=\"\" href=\"https:\/\/g1.globo.com\/ba\/bahia\/cidade\/arataca\/\">Arataca<\/a>, no sul da Bahia. Das quatro v\u00edtimas, tr\u00eas eram da mesma fam\u00edlia. As informa\u00e7\u00f5es s\u00e3o da Pol\u00edcia Rodovi\u00e1ria Federal (PRF).<\/strong><\/p>\n<\/div>\n<\/div>\n<div class=\"wall protected-content\">\n<div id=\"chunk-bd5qi\">\n<div class=\"mc-column content-text active-extra-styles \" data-block-type=\"unstyled\" data-block-weight=\"45\" data-block-id=\"5\">\n<p class=\" content-text__container \" data-track-category=\"Link no Texto\" data-track-links=\"\"><strong>A PRF detalhou que cinco pessoas seguiam em um carro da cidade de Prado para Itacar\u00e9 quando houve a batida com a carreta. As quatro pessoas que morreram n\u00e3o resistiram aos ferimentos ainda no local do acidente. Apenas uma foi socorrida em estado grave.<\/strong><\/p>\n<div id=\"chunk-chk98\">\n<div class=\"mc-column content-text active-extra-styles \" data-block-type=\"unstyled\" data-block-weight=\"20\" data-block-id=\"7\">\n<p class=\" content-text__container \" data-track-category=\"Link no Texto\" data-track-links=\"\"><strong>N\u00e3o h\u00e1 detalhes sobre o que pode ter causado o acidente, nem se o motorista da carreta teve ferimentos.<\/strong><\/p>\n<\/div>\n<\/div>\n<div id=\"chunk-2i7l\">\n<div class=\"mc-column content-text active-extra-styles \" data-block-type=\"unstyled\" data-block-weight=\"27\" data-block-id=\"8\">\n<p class=\" content-text__container \" data-track-category=\"Link no Texto\" data-track-links=\"\"><strong>As v\u00edtimas da mesma fam\u00edlia foram identificadas como: Mateus Costa Tavares, de 27 anos, Emilly Tavares, de 11 anos e Paulina Concei\u00e7\u00e3o de Andrade, de 20.<\/strong><\/p>\n<\/div>\n<\/div>\n<div id=\"chunk-8o9j8\">\n<div class=\"mc-column content-text active-extra-styles \" data-block-type=\"unstyled\" data-block-weight=\"28\" data-block-id=\"9\">\n<p class=\" content-text__container \" data-track-category=\"Link no Texto\" data-track-links=\"\"><strong>J\u00e1 a quarta v\u00edtima, n\u00e3o pertencia \u00e0 fam\u00edlia e estaria dirigindo o carro. Ele n\u00e3o teve a idade revelada e foi divulgado apenas o nome dele: Cesar.<\/strong><\/p>\n<\/div>\n<\/div>\n<\/div>\n<\/div>\n<\/div>\n","protected":false},"excerpt":{"rendered":"<p>Quatro pessoas morreram, entre elas uma crian\u00e7a de 11 anos, ap\u00f3s um acidente entre um carro e um carreta na segunda-feira (23), na BR-101, pr\u00f3ximo ao munic\u00edpio de\u00a0Arataca, no sul da Bahia. Das quatro v\u00edtimas, tr\u00eas eram da mesma fam\u00edlia. As informa\u00e7\u00f5es s\u00e3o da Pol\u00edcia Rodovi\u00e1ria Federal (PRF). A PRF detalhou que cinco pessoas seguiam [&hellip;]<\/p>\n","protected":false},"author":2,"featured_media":113476,"comment_status":"closed","ping_status":"open","sticky":false,"template":"","format":"standard","meta":{"footnotes":"","_links_to":"","_links_to_target":""},"categories":[1],"tags":[],"class_list":["post-113475","post","type-post","status-publish","format-standard","has-post-thumbnail","hentry","category-geral"],"views":779,"_links":{"self":[{"href":"https:\/\/www.sudoestehoje.com.br\/novoportal\/wp-json\/wp\/v2\/posts\/113475","targetHints":{"allow":["GET"]}}],"collection":[{"href":"https:\/\/www.sudoestehoje.com.br\/novoportal\/wp-json\/wp\/v2\/posts"}],"about":[{"href":"https:\/\/www.sudoestehoje.com.br\/novoportal\/wp-json\/wp\/v2\/types\/post"}],"author":[{"embeddable":true,"href":"https:\/\/www.sudoestehoje.com.br\/novoportal\/wp-json\/wp\/v2\/users\/2"}],"replies":[{"embeddable":true,"href":"https:\/\/www.sudoestehoje.com.br\/novoportal\/wp-json\/wp\/v2\/comments?post=113475"}],"version-history":[{"count":1,"href":"https:\/\/www.sudoestehoje.com.br\/novoportal\/wp-json\/wp\/v2\/posts\/113475\/revisions"}],"predecessor-version":[{"id":113477,"href":"https:\/\/www.sudoestehoje.com.br\/novoportal\/wp-json\/wp\/v2\/posts\/113475\/revisions\/113477"}],"wp:featuredmedia":[{"embeddable":true,"href":"https:\/\/www.sudoestehoje.com.br\/novoportal\/wp-json\/wp\/v2\/media\/113476"}],"wp:attachment":[{"href":"https:\/\/www.sudoestehoje.com.br\/novoportal\/wp-json\/wp\/v2\/media?parent=113475"}],"wp:term":[{"taxonomy":"category","embeddable":true,"href":"https:\/\/www.sudoestehoje.com.br\/novoportal\/wp-json\/wp\/v2\/categories?post=113475"},{"taxonomy":"post_tag","embeddable":true,"href":"https:\/\/www.sudoestehoje.com.br\/novoportal\/wp-json\/wp\/v2\/tags?post=113475"}],"curies":[{"name":"wp","href":"https:\/\/api.w.org\/{rel}","templated":true}]}}