
{"id":113471,"date":"2023-10-24T17:14:25","date_gmt":"2023-10-24T20:14:25","guid":{"rendered":"https:\/\/www.sudoestehoje.com.br\/novoportal\/?p=113471"},"modified":"2023-10-24T17:14:25","modified_gmt":"2023-10-24T20:14:25","slug":"itapetinga-plano-municipal-de-saneamento-basico-sera-discutido-com-populacao","status":"publish","type":"post","link":"https:\/\/www.sudoestehoje.com.br\/novoportal\/2023\/10\/24\/itapetinga-plano-municipal-de-saneamento-basico-sera-discutido-com-populacao\/","title":{"rendered":"ITAPETINGA | PLANO MUNICIPAL DE SANEAMENTO B\u00c1SICO SER\u00c1 DISCUTIDO COM POPULA\u00c7\u00c3O"},"content":{"rendered":"<p><img loading=\"lazy\" decoding=\"async\" class=\"alignnone  wp-image-113472\" src=\"https:\/\/www.sudoestehoje.com.br\/novoportal\/wp-content\/uploads\/2023\/10\/plano-600x750.jpg\" alt=\"\" width=\"550\" height=\"688\" srcset=\"https:\/\/www.sudoestehoje.com.br\/novoportal\/wp-content\/uploads\/2023\/10\/plano-600x750.jpg 600w, https:\/\/www.sudoestehoje.com.br\/novoportal\/wp-content\/uploads\/2023\/10\/plano-700x875.jpg 700w, https:\/\/www.sudoestehoje.com.br\/novoportal\/wp-content\/uploads\/2023\/10\/plano-768x960.jpg 768w, https:\/\/www.sudoestehoje.com.br\/novoportal\/wp-content\/uploads\/2023\/10\/plano.jpg 1181w\" sizes=\"auto, (max-width: 550px) 100vw, 550px\" \/><\/p>\n<p><strong>A prefeitura de Itapetinga est\u00e1 formulando o seu novo Plano Municipal de Saneamento B\u00e1sico e de Gest\u00e3o Integrada de Res\u00edduos S\u00f3lidos. <\/strong><\/p>\n<p><strong>Para seguir fazendo uma gest\u00e3o participativa, o munic\u00edpio convida a todos para as oficinas setoriais nos dias 25, a partir das 9h, em Palmares; e no dia 26, \u00e0s 8h na C\u00e2mara de Vereadores de Itapetinga e \u00e0s 14:30h, na escola Dona Geni, em Bandeira do Col\u00f4nia. <\/strong><\/p>\n<p><strong>Participem a opini\u00e3o de todos \u00e9 importante para construirmos a cidade com a qual sonhamos.<\/strong><\/p>\n","protected":false},"excerpt":{"rendered":"<p>A prefeitura de Itapetinga est\u00e1 formulando o seu novo Plano Municipal de Saneamento B\u00e1sico e de Gest\u00e3o Integrada de Res\u00edduos S\u00f3lidos. Para seguir fazendo uma gest\u00e3o participativa, o munic\u00edpio convida a todos para as oficinas setoriais nos dias 25, a partir das 9h, em Palmares; e no dia 26, \u00e0s 8h na C\u00e2mara de Vereadores [&hellip;]<\/p>\n","protected":false},"author":2,"featured_media":113472,"comment_status":"closed","ping_status":"open","sticky":false,"template":"","format":"standard","meta":{"footnotes":"","_links_to":"","_links_to_target":""},"categories":[1],"tags":[],"class_list":["post-113471","post","type-post","status-publish","format-standard","has-post-thumbnail","hentry","category-geral"],"views":737,"_links":{"self":[{"href":"https:\/\/www.sudoestehoje.com.br\/novoportal\/wp-json\/wp\/v2\/posts\/113471","targetHints":{"allow":["GET"]}}],"collection":[{"href":"https:\/\/www.sudoestehoje.com.br\/novoportal\/wp-json\/wp\/v2\/posts"}],"about":[{"href":"https:\/\/www.sudoestehoje.com.br\/novoportal\/wp-json\/wp\/v2\/types\/post"}],"author":[{"embeddable":true,"href":"https:\/\/www.sudoestehoje.com.br\/novoportal\/wp-json\/wp\/v2\/users\/2"}],"replies":[{"embeddable":true,"href":"https:\/\/www.sudoestehoje.com.br\/novoportal\/wp-json\/wp\/v2\/comments?post=113471"}],"version-history":[{"count":2,"href":"https:\/\/www.sudoestehoje.com.br\/novoportal\/wp-json\/wp\/v2\/posts\/113471\/revisions"}],"predecessor-version":[{"id":113474,"href":"https:\/\/www.sudoestehoje.com.br\/novoportal\/wp-json\/wp\/v2\/posts\/113471\/revisions\/113474"}],"wp:featuredmedia":[{"embeddable":true,"href":"https:\/\/www.sudoestehoje.com.br\/novoportal\/wp-json\/wp\/v2\/media\/113472"}],"wp:attachment":[{"href":"https:\/\/www.sudoestehoje.com.br\/novoportal\/wp-json\/wp\/v2\/media?parent=113471"}],"wp:term":[{"taxonomy":"category","embeddable":true,"href":"https:\/\/www.sudoestehoje.com.br\/novoportal\/wp-json\/wp\/v2\/categories?post=113471"},{"taxonomy":"post_tag","embeddable":true,"href":"https:\/\/www.sudoestehoje.com.br\/novoportal\/wp-json\/wp\/v2\/tags?post=113471"}],"curies":[{"name":"wp","href":"https:\/\/api.w.org\/{rel}","templated":true}]}}