
{"id":113432,"date":"2023-10-23T10:47:00","date_gmt":"2023-10-23T13:47:00","guid":{"rendered":"https:\/\/www.sudoestehoje.com.br\/novoportal\/?p=113432"},"modified":"2023-10-23T10:47:00","modified_gmt":"2023-10-23T13:47:00","slug":"itapetinga-em-nota-prefeito-rodrigo-hagge-se-manifesta-sobre-pre-candidatura-de-eduardo-confira","status":"publish","type":"post","link":"https:\/\/www.sudoestehoje.com.br\/novoportal\/2023\/10\/23\/itapetinga-em-nota-prefeito-rodrigo-hagge-se-manifesta-sobre-pre-candidatura-de-eduardo-confira\/","title":{"rendered":"ITAPETINGA | EM NOTA, PREFEITO RODRIGO HAGGE SE MANIFESTA SOBRE PR\u00c9-CANDIDATURA DE EDUARDO; CONFIRA"},"content":{"rendered":"<p><img loading=\"lazy\" decoding=\"async\" class=\"alignnone  wp-image-113433\" src=\"https:\/\/www.sudoestehoje.com.br\/novoportal\/wp-content\/uploads\/2023\/10\/RODRIGO-E-EDUARDO-600x338.jpeg\" alt=\"\" width=\"550\" height=\"310\" srcset=\"https:\/\/www.sudoestehoje.com.br\/novoportal\/wp-content\/uploads\/2023\/10\/RODRIGO-E-EDUARDO-600x338.jpeg 600w, https:\/\/www.sudoestehoje.com.br\/novoportal\/wp-content\/uploads\/2023\/10\/RODRIGO-E-EDUARDO-700x394.jpeg 700w, https:\/\/www.sudoestehoje.com.br\/novoportal\/wp-content\/uploads\/2023\/10\/RODRIGO-E-EDUARDO-768x432.jpeg 768w, https:\/\/www.sudoestehoje.com.br\/novoportal\/wp-content\/uploads\/2023\/10\/RODRIGO-E-EDUARDO-1536x865.jpeg 1536w, https:\/\/www.sudoestehoje.com.br\/novoportal\/wp-content\/uploads\/2023\/10\/RODRIGO-E-EDUARDO.jpeg 1600w\" sizes=\"auto, (max-width: 550px) 100vw, 550px\" \/><\/p>\n<p><strong><em>&#8220;Foi com muita alegria que o MDB de Itapetinga recebeu a not\u00edcia de que o m\u00e9dico veterin\u00e1rio, Eduardo Hagge, havia posto seu nome \u00e0 disposi\u00e7\u00e3o como um dos pr\u00e9-candidatos a serem analisados pelo partido para a sucess\u00e3o municipal de 2024.<\/em><\/strong><\/p>\n<p><strong><em>Eduardo acolheu, sem d\u00favida, um pedido de militantes partid\u00e1rios e de diversos admiradores itapetinguenses. Seu nome engrandece o pleito e vem a somar entre tantos outros j\u00e1 declarados pr\u00e9-candidatos. Em tempo oportuno, a Comiss\u00e3o, ap\u00f3s reuni\u00f5es, debates e pesquisas, respeitando todo o processo legal, definir\u00e1 o nome que representar\u00e1 o MDB de Itapetinga e o apresentar\u00e1 em Conven\u00e7\u00e3o Partid\u00e1ria.<\/em><\/strong><\/p>\n<p><strong><em>Ao se disponibilizar para a disputa do pleito, Eduardo Hagge enriquece o debate, une-se ao grupo e fortalece o partido, trazendo toda a sua hist\u00f3ria de hombridade e trabalho. A partir de agora, o MDB o apresentar\u00e1 aos demais partidos da base e seguir\u00e1 com mais uma op\u00e7\u00e3o do partido a ser analisada de forma criteriosa e respons\u00e1vel para escolher aquele que disputar\u00e1 as elei\u00e7\u00f5es no pr\u00f3ximo ano&#8221;.<\/em><\/strong><\/p>\n<p style=\"text-align: center;\"><strong><em>Rodrigo Hagge<\/em><\/strong><\/p>\n<p style=\"text-align: center;\"><strong><em>Presidente Municipal do MDB<\/em><\/strong><\/p>\n","protected":false},"excerpt":{"rendered":"<p>&#8220;Foi com muita alegria que o MDB de Itapetinga recebeu a not\u00edcia de que o m\u00e9dico veterin\u00e1rio, Eduardo Hagge, havia posto seu nome \u00e0 disposi\u00e7\u00e3o como um dos pr\u00e9-candidatos a serem analisados pelo partido para a sucess\u00e3o municipal de 2024. Eduardo acolheu, sem d\u00favida, um pedido de militantes partid\u00e1rios e de diversos admiradores itapetinguenses. Seu [&hellip;]<\/p>\n","protected":false},"author":2,"featured_media":113433,"comment_status":"closed","ping_status":"open","sticky":false,"template":"","format":"standard","meta":{"footnotes":"","_links_to":"","_links_to_target":""},"categories":[1],"tags":[],"class_list":["post-113432","post","type-post","status-publish","format-standard","has-post-thumbnail","hentry","category-geral"],"views":1082,"_links":{"self":[{"href":"https:\/\/www.sudoestehoje.com.br\/novoportal\/wp-json\/wp\/v2\/posts\/113432","targetHints":{"allow":["GET"]}}],"collection":[{"href":"https:\/\/www.sudoestehoje.com.br\/novoportal\/wp-json\/wp\/v2\/posts"}],"about":[{"href":"https:\/\/www.sudoestehoje.com.br\/novoportal\/wp-json\/wp\/v2\/types\/post"}],"author":[{"embeddable":true,"href":"https:\/\/www.sudoestehoje.com.br\/novoportal\/wp-json\/wp\/v2\/users\/2"}],"replies":[{"embeddable":true,"href":"https:\/\/www.sudoestehoje.com.br\/novoportal\/wp-json\/wp\/v2\/comments?post=113432"}],"version-history":[{"count":1,"href":"https:\/\/www.sudoestehoje.com.br\/novoportal\/wp-json\/wp\/v2\/posts\/113432\/revisions"}],"predecessor-version":[{"id":113434,"href":"https:\/\/www.sudoestehoje.com.br\/novoportal\/wp-json\/wp\/v2\/posts\/113432\/revisions\/113434"}],"wp:featuredmedia":[{"embeddable":true,"href":"https:\/\/www.sudoestehoje.com.br\/novoportal\/wp-json\/wp\/v2\/media\/113433"}],"wp:attachment":[{"href":"https:\/\/www.sudoestehoje.com.br\/novoportal\/wp-json\/wp\/v2\/media?parent=113432"}],"wp:term":[{"taxonomy":"category","embeddable":true,"href":"https:\/\/www.sudoestehoje.com.br\/novoportal\/wp-json\/wp\/v2\/categories?post=113432"},{"taxonomy":"post_tag","embeddable":true,"href":"https:\/\/www.sudoestehoje.com.br\/novoportal\/wp-json\/wp\/v2\/tags?post=113432"}],"curies":[{"name":"wp","href":"https:\/\/api.w.org\/{rel}","templated":true}]}}