
{"id":113427,"date":"2023-10-23T09:47:26","date_gmt":"2023-10-23T12:47:26","guid":{"rendered":"https:\/\/www.sudoestehoje.com.br\/novoportal\/?p=113427"},"modified":"2023-10-23T09:47:26","modified_gmt":"2023-10-23T12:47:26","slug":"menino-de-4-anos-morre-com-tiro-de-espingarda-disparado-pela-irma-de-7-anos","status":"publish","type":"post","link":"https:\/\/www.sudoestehoje.com.br\/novoportal\/2023\/10\/23\/menino-de-4-anos-morre-com-tiro-de-espingarda-disparado-pela-irma-de-7-anos\/","title":{"rendered":"MENINO DE 4 ANOS MORRE COM TIRO DE ESPINGARDA DISPARADO PELA IRM\u00c3 DE 7 ANOS"},"content":{"rendered":"<div id=\"chunk-9cva9\">\n<div class=\"mc-column content-text active-extra-styles \" data-block-type=\"unstyled\" data-block-weight=\"34\" data-block-id=\"3\">\n<p data-track-category=\"Link no Texto\" data-track-links=\"\"><img loading=\"lazy\" decoding=\"async\" class=\"alignnone  wp-image-113430\" src=\"https:\/\/www.sudoestehoje.com.br\/novoportal\/wp-content\/uploads\/2023\/10\/image.psd-2022-08-31t133505.522-600x374.webp\" alt=\"\" width=\"547\" height=\"341\" srcset=\"https:\/\/www.sudoestehoje.com.br\/novoportal\/wp-content\/uploads\/2023\/10\/image.psd-2022-08-31t133505.522-600x374.webp 600w, https:\/\/www.sudoestehoje.com.br\/novoportal\/wp-content\/uploads\/2023\/10\/image.psd-2022-08-31t133505.522-700x437.webp 700w, https:\/\/www.sudoestehoje.com.br\/novoportal\/wp-content\/uploads\/2023\/10\/image.psd-2022-08-31t133505.522-768x479.webp 768w, https:\/\/www.sudoestehoje.com.br\/novoportal\/wp-content\/uploads\/2023\/10\/image.psd-2022-08-31t133505.522.webp 984w\" sizes=\"auto, (max-width: 547px) 100vw, 547px\" \/><\/p>\n<p class=\" content-text__container \" data-track-category=\"Link no Texto\" data-track-links=\"\"><strong>Um menino de 4 anos morreu ap\u00f3s ser atingido por um tiro de espingarda disparado pela irm\u00e3 de 7 anos, em uma fazenda, na zona rural de cidade de Camac\u00e3, no sul da Bahia<\/strong><\/p>\n<\/div>\n<\/div>\n<div class=\"wall protected-content\">\n<div id=\"chunk-bthnl\">\n<div class=\"mc-column content-text active-extra-styles\" data-block-type=\"raw\" data-block-weight=\"10\" data-block-id=\"4\">\n<p><strong>O caso aconteceu na tarde de domingo (22), na casa em que moravam com a fam\u00edlia. A v\u00edtima foi identificada como Jadson Pereira Santana.<\/strong><\/p>\n<\/div>\n<\/div>\n<div id=\"chunk-f10vf\">\n<div class=\"mc-column content-text active-extra-styles \" data-block-type=\"unstyled\" data-block-weight=\"30\" data-block-id=\"6\">\n<p class=\" content-text__container \" data-track-category=\"Link no Texto\" data-track-links=\"\"><strong>Informa\u00e7\u00f5es preliminares apontam que o pai das crian\u00e7as ensinava a menina a atirar quando um dos disparos atingiu o peito e o bra\u00e7o do garoto. O menino morreu na hora.<\/strong><\/p>\n<\/div>\n<\/div>\n<\/div>\n","protected":false},"excerpt":{"rendered":"<p>Um menino de 4 anos morreu ap\u00f3s ser atingido por um tiro de espingarda disparado pela irm\u00e3 de 7 anos, em uma fazenda, na zona rural de cidade de Camac\u00e3, no sul da Bahia O caso aconteceu na tarde de domingo (22), na casa em que moravam com a fam\u00edlia. A v\u00edtima foi identificada como [&hellip;]<\/p>\n","protected":false},"author":2,"featured_media":113430,"comment_status":"closed","ping_status":"open","sticky":false,"template":"","format":"standard","meta":{"footnotes":"","_links_to":"","_links_to_target":""},"categories":[1],"tags":[],"class_list":["post-113427","post","type-post","status-publish","format-standard","has-post-thumbnail","hentry","category-geral"],"views":1489,"_links":{"self":[{"href":"https:\/\/www.sudoestehoje.com.br\/novoportal\/wp-json\/wp\/v2\/posts\/113427","targetHints":{"allow":["GET"]}}],"collection":[{"href":"https:\/\/www.sudoestehoje.com.br\/novoportal\/wp-json\/wp\/v2\/posts"}],"about":[{"href":"https:\/\/www.sudoestehoje.com.br\/novoportal\/wp-json\/wp\/v2\/types\/post"}],"author":[{"embeddable":true,"href":"https:\/\/www.sudoestehoje.com.br\/novoportal\/wp-json\/wp\/v2\/users\/2"}],"replies":[{"embeddable":true,"href":"https:\/\/www.sudoestehoje.com.br\/novoportal\/wp-json\/wp\/v2\/comments?post=113427"}],"version-history":[{"count":3,"href":"https:\/\/www.sudoestehoje.com.br\/novoportal\/wp-json\/wp\/v2\/posts\/113427\/revisions"}],"predecessor-version":[{"id":113431,"href":"https:\/\/www.sudoestehoje.com.br\/novoportal\/wp-json\/wp\/v2\/posts\/113427\/revisions\/113431"}],"wp:featuredmedia":[{"embeddable":true,"href":"https:\/\/www.sudoestehoje.com.br\/novoportal\/wp-json\/wp\/v2\/media\/113430"}],"wp:attachment":[{"href":"https:\/\/www.sudoestehoje.com.br\/novoportal\/wp-json\/wp\/v2\/media?parent=113427"}],"wp:term":[{"taxonomy":"category","embeddable":true,"href":"https:\/\/www.sudoestehoje.com.br\/novoportal\/wp-json\/wp\/v2\/categories?post=113427"},{"taxonomy":"post_tag","embeddable":true,"href":"https:\/\/www.sudoestehoje.com.br\/novoportal\/wp-json\/wp\/v2\/tags?post=113427"}],"curies":[{"name":"wp","href":"https:\/\/api.w.org\/{rel}","templated":true}]}}