
{"id":113424,"date":"2023-10-22T20:39:51","date_gmt":"2023-10-22T23:39:51","guid":{"rendered":"https:\/\/www.sudoestehoje.com.br\/novoportal\/?p=113424"},"modified":"2023-10-22T20:39:51","modified_gmt":"2023-10-22T23:39:51","slug":"itororo-chuva-forte-deixa-ruas-alagadas-na-noite-deste-domingo","status":"publish","type":"post","link":"https:\/\/www.sudoestehoje.com.br\/novoportal\/2023\/10\/22\/itororo-chuva-forte-deixa-ruas-alagadas-na-noite-deste-domingo\/","title":{"rendered":"ITOROR\u00d3 | CHUVA FORTE DEIXA RUAS ALAGADAS NA NOITE DESTE DOMINGO"},"content":{"rendered":"<p><img loading=\"lazy\" decoding=\"async\" class=\"alignnone  wp-image-113425\" src=\"https:\/\/www.sudoestehoje.com.br\/novoportal\/wp-content\/uploads\/2023\/10\/WhatsApp-Image-2023-10-22-at-20.35.29.jpeg\" alt=\"\" width=\"550\" height=\"550\" srcset=\"https:\/\/www.sudoestehoje.com.br\/novoportal\/wp-content\/uploads\/2023\/10\/WhatsApp-Image-2023-10-22-at-20.35.29.jpeg 575w, https:\/\/www.sudoestehoje.com.br\/novoportal\/wp-content\/uploads\/2023\/10\/WhatsApp-Image-2023-10-22-at-20.35.29-150x150.jpeg 150w\" sizes=\"auto, (max-width: 550px) 100vw, 550px\" \/><\/p>\n<p><strong>Um temporal que acaba de cair sobre a cidade de Itaror\u00f3, no M\u00e9dio Sudoeste da Bahia, provocou alagamentos e ruas centrais da cidade, na noite deste domingo (22), de acordo com informa\u00e7\u00f5es que acabam de chegar pelas redes sociais.<\/strong><\/p>\n<p><strong>As ruas centrais de Itaror\u00f3 v\u00eam sofrendo problemas de alagamentos toda vez que chove forte, h\u00e1 anos, por falta de drenagem, sem nenhuma solu\u00e7\u00e3o por parte do poder p\u00fablico.<\/strong><\/p>\n<p><strong>Nesses alagamentos, resid\u00eancia e toda a \u00e1rea comercial s\u00e3o atingidos, causando transtornos e enormes preju\u00edzos \u00e0 popula\u00e7\u00e3o, incluindo os lojistas.<\/strong><\/p>\n<p><strong>Por Davi Ferraz<\/strong><\/p>\n","protected":false},"excerpt":{"rendered":"<p>Um temporal que acaba de cair sobre a cidade de Itaror\u00f3, no M\u00e9dio Sudoeste da Bahia, provocou alagamentos e ruas centrais da cidade, na noite deste domingo (22), de acordo com informa\u00e7\u00f5es que acabam de chegar pelas redes sociais. As ruas centrais de Itaror\u00f3 v\u00eam sofrendo problemas de alagamentos toda vez que chove forte, h\u00e1 [&hellip;]<\/p>\n","protected":false},"author":2,"featured_media":113425,"comment_status":"closed","ping_status":"open","sticky":false,"template":"","format":"standard","meta":{"footnotes":"","_links_to":"","_links_to_target":""},"categories":[1],"tags":[],"class_list":["post-113424","post","type-post","status-publish","format-standard","has-post-thumbnail","hentry","category-geral"],"views":1475,"_links":{"self":[{"href":"https:\/\/www.sudoestehoje.com.br\/novoportal\/wp-json\/wp\/v2\/posts\/113424","targetHints":{"allow":["GET"]}}],"collection":[{"href":"https:\/\/www.sudoestehoje.com.br\/novoportal\/wp-json\/wp\/v2\/posts"}],"about":[{"href":"https:\/\/www.sudoestehoje.com.br\/novoportal\/wp-json\/wp\/v2\/types\/post"}],"author":[{"embeddable":true,"href":"https:\/\/www.sudoestehoje.com.br\/novoportal\/wp-json\/wp\/v2\/users\/2"}],"replies":[{"embeddable":true,"href":"https:\/\/www.sudoestehoje.com.br\/novoportal\/wp-json\/wp\/v2\/comments?post=113424"}],"version-history":[{"count":1,"href":"https:\/\/www.sudoestehoje.com.br\/novoportal\/wp-json\/wp\/v2\/posts\/113424\/revisions"}],"predecessor-version":[{"id":113426,"href":"https:\/\/www.sudoestehoje.com.br\/novoportal\/wp-json\/wp\/v2\/posts\/113424\/revisions\/113426"}],"wp:featuredmedia":[{"embeddable":true,"href":"https:\/\/www.sudoestehoje.com.br\/novoportal\/wp-json\/wp\/v2\/media\/113425"}],"wp:attachment":[{"href":"https:\/\/www.sudoestehoje.com.br\/novoportal\/wp-json\/wp\/v2\/media?parent=113424"}],"wp:term":[{"taxonomy":"category","embeddable":true,"href":"https:\/\/www.sudoestehoje.com.br\/novoportal\/wp-json\/wp\/v2\/categories?post=113424"},{"taxonomy":"post_tag","embeddable":true,"href":"https:\/\/www.sudoestehoje.com.br\/novoportal\/wp-json\/wp\/v2\/tags?post=113424"}],"curies":[{"name":"wp","href":"https:\/\/api.w.org\/{rel}","templated":true}]}}