
{"id":113416,"date":"2023-10-21T23:12:55","date_gmt":"2023-10-22T02:12:55","guid":{"rendered":"https:\/\/www.sudoestehoje.com.br\/novoportal\/?p=113416"},"modified":"2023-10-21T23:12:55","modified_gmt":"2023-10-22T02:12:55","slug":"itapetinga-humbertinho-lopes-e-nomeado-coordendor-da-19a-ciretran","status":"publish","type":"post","link":"https:\/\/www.sudoestehoje.com.br\/novoportal\/2023\/10\/21\/itapetinga-humbertinho-lopes-e-nomeado-coordendor-da-19a-ciretran\/","title":{"rendered":"ITAPETINGA | HUMBERTINHO LOPES \u00c9 NOMEADO COORDENDOR DA 19\u00aa CIRETRAN"},"content":{"rendered":"<p><img loading=\"lazy\" decoding=\"async\" class=\"alignnone  wp-image-113417\" src=\"https:\/\/www.sudoestehoje.com.br\/novoportal\/wp-content\/uploads\/2023\/10\/IMAGEM_NOTICIA_5.jpg\" alt=\"\" width=\"551\" height=\"406\" \/><\/p>\n<p><strong>Foi publicada no Di\u00e1rio Oficial do Estado, nesta sexta-feira (20), a nomea\u00e7\u00e3o do advogado Humberto Lopes Junior, para o cargo de Coordenador da 19\u00aa Ciretran, sediada no munic\u00edpio de Itapetinga, cargo de confian\u00e7a do Governo do Estado da Bahia.<\/strong><\/p>\n<p><strong>A indica\u00e7\u00e3o de Humbertinho para o cargo foi do deputado federal Ant\u00f4nio Brito (PSD), dentro da nova distribui\u00e7\u00e3o de cargos regionais adotada pelo governo. Anteriormente, a indica\u00e7\u00e3o era do deputado estadual Rosemberg Pinto (PT), mas com a nova regra, coube a Brito a indica\u00e7\u00e3o.<\/strong><\/p>\n<p><strong>O ex-vereador Amaral Junior (PT), que vinha ocupando o cargo at\u00e9 a \u00faltima sexta-feira, ainda n\u00e3o tem fun\u00e7\u00e3o definida dentro da estrutura do governo, em Itapetinga.<\/strong><\/p>\n<p><strong>Humbertinho foi vereador e vice-prefeito na vizinha cidade de Itamb\u00e9, onde tem grande participa\u00e7\u00e3o e influ\u00eancia na pol\u00edtica local e regional.<\/strong><\/p>\n<p><strong>Por Davi Ferraz<\/strong><\/p>\n","protected":false},"excerpt":{"rendered":"<p>Foi publicada no Di\u00e1rio Oficial do Estado, nesta sexta-feira (20), a nomea\u00e7\u00e3o do advogado Humberto Lopes Junior, para o cargo de Coordenador da 19\u00aa Ciretran, sediada no munic\u00edpio de Itapetinga, cargo de confian\u00e7a do Governo do Estado da Bahia. A indica\u00e7\u00e3o de Humbertinho para o cargo foi do deputado federal Ant\u00f4nio Brito (PSD), dentro da [&hellip;]<\/p>\n","protected":false},"author":2,"featured_media":113417,"comment_status":"closed","ping_status":"open","sticky":false,"template":"","format":"standard","meta":{"footnotes":"","_links_to":"","_links_to_target":""},"categories":[1],"tags":[],"class_list":["post-113416","post","type-post","status-publish","format-standard","has-post-thumbnail","hentry","category-geral"],"views":2272,"_links":{"self":[{"href":"https:\/\/www.sudoestehoje.com.br\/novoportal\/wp-json\/wp\/v2\/posts\/113416","targetHints":{"allow":["GET"]}}],"collection":[{"href":"https:\/\/www.sudoestehoje.com.br\/novoportal\/wp-json\/wp\/v2\/posts"}],"about":[{"href":"https:\/\/www.sudoestehoje.com.br\/novoportal\/wp-json\/wp\/v2\/types\/post"}],"author":[{"embeddable":true,"href":"https:\/\/www.sudoestehoje.com.br\/novoportal\/wp-json\/wp\/v2\/users\/2"}],"replies":[{"embeddable":true,"href":"https:\/\/www.sudoestehoje.com.br\/novoportal\/wp-json\/wp\/v2\/comments?post=113416"}],"version-history":[{"count":2,"href":"https:\/\/www.sudoestehoje.com.br\/novoportal\/wp-json\/wp\/v2\/posts\/113416\/revisions"}],"predecessor-version":[{"id":113419,"href":"https:\/\/www.sudoestehoje.com.br\/novoportal\/wp-json\/wp\/v2\/posts\/113416\/revisions\/113419"}],"wp:featuredmedia":[{"embeddable":true,"href":"https:\/\/www.sudoestehoje.com.br\/novoportal\/wp-json\/wp\/v2\/media\/113417"}],"wp:attachment":[{"href":"https:\/\/www.sudoestehoje.com.br\/novoportal\/wp-json\/wp\/v2\/media?parent=113416"}],"wp:term":[{"taxonomy":"category","embeddable":true,"href":"https:\/\/www.sudoestehoje.com.br\/novoportal\/wp-json\/wp\/v2\/categories?post=113416"},{"taxonomy":"post_tag","embeddable":true,"href":"https:\/\/www.sudoestehoje.com.br\/novoportal\/wp-json\/wp\/v2\/tags?post=113416"}],"curies":[{"name":"wp","href":"https:\/\/api.w.org\/{rel}","templated":true}]}}