
{"id":113413,"date":"2023-10-21T21:16:19","date_gmt":"2023-10-22T00:16:19","guid":{"rendered":"https:\/\/www.sudoestehoje.com.br\/novoportal\/?p=113413"},"modified":"2023-10-21T21:16:19","modified_gmt":"2023-10-22T00:16:19","slug":"chapada-vereador-de-novo-horizonte-e-atingido-com-4-tiros-em-atentado","status":"publish","type":"post","link":"https:\/\/www.sudoestehoje.com.br\/novoportal\/2023\/10\/21\/chapada-vereador-de-novo-horizonte-e-atingido-com-4-tiros-em-atentado\/","title":{"rendered":"CHAPADA | VEREADOR DE NOVO HORIZONTE \u00c9 ATINGIDO COM 4 TIROS EM ATENTADO"},"content":{"rendered":"<p><img loading=\"lazy\" decoding=\"async\" class=\"alignnone  wp-image-113414\" src=\"https:\/\/www.sudoestehoje.com.br\/novoportal\/wp-content\/uploads\/2023\/10\/Vereador-600x463.webp\" alt=\"\" width=\"551\" height=\"425\" srcset=\"https:\/\/www.sudoestehoje.com.br\/novoportal\/wp-content\/uploads\/2023\/10\/Vereador-600x463.webp 600w, https:\/\/www.sudoestehoje.com.br\/novoportal\/wp-content\/uploads\/2023\/10\/Vereador-700x540.webp 700w, https:\/\/www.sudoestehoje.com.br\/novoportal\/wp-content\/uploads\/2023\/10\/Vereador-768x592.webp 768w, https:\/\/www.sudoestehoje.com.br\/novoportal\/wp-content\/uploads\/2023\/10\/Vereador.webp 984w\" sizes=\"auto, (max-width: 551px) 100vw, 551px\" \/><\/p>\n<p><strong>O vereador Gean Carlos Oliveira (PSC) foi v\u00edtima de um atentado, na manh\u00e3 deste s\u00e1bado (21), na cidade de Novo Horizonte, na Chapada Diamantina, na Bahia e foi atingido por quatro disparos de arma de fogo.<\/strong><\/p>\n<p><strong>O vereador se dirigia da sede do munic\u00edpio, para sua fazenda na localidade de Serafim, na zona rural, quando foi atacado. 17 tiros foram disparados e quatro atingiram o parlamentar, que para sobreviver, fugiu pelo mato.<\/strong><\/p>\n<p><strong>Os criminosos fugiram em uma caminhonete branca, por pensarem que o vereador estava morto.<\/strong><\/p>\n<p><strong>Gean foi encaminhado para o Hospital Regional da Chapada, onde segue internado. O caso est\u00e1 sendo investigado pela Delegacia Territorial de Novo Horizonte.<\/strong><\/p>\n","protected":false},"excerpt":{"rendered":"<p>O vereador Gean Carlos Oliveira (PSC) foi v\u00edtima de um atentado, na manh\u00e3 deste s\u00e1bado (21), na cidade de Novo Horizonte, na Chapada Diamantina, na Bahia e foi atingido por quatro disparos de arma de fogo. O vereador se dirigia da sede do munic\u00edpio, para sua fazenda na localidade de Serafim, na zona rural, quando [&hellip;]<\/p>\n","protected":false},"author":2,"featured_media":113414,"comment_status":"closed","ping_status":"open","sticky":false,"template":"","format":"standard","meta":{"footnotes":"","_links_to":"","_links_to_target":""},"categories":[1],"tags":[],"class_list":["post-113413","post","type-post","status-publish","format-standard","has-post-thumbnail","hentry","category-geral"],"views":531,"_links":{"self":[{"href":"https:\/\/www.sudoestehoje.com.br\/novoportal\/wp-json\/wp\/v2\/posts\/113413","targetHints":{"allow":["GET"]}}],"collection":[{"href":"https:\/\/www.sudoestehoje.com.br\/novoportal\/wp-json\/wp\/v2\/posts"}],"about":[{"href":"https:\/\/www.sudoestehoje.com.br\/novoportal\/wp-json\/wp\/v2\/types\/post"}],"author":[{"embeddable":true,"href":"https:\/\/www.sudoestehoje.com.br\/novoportal\/wp-json\/wp\/v2\/users\/2"}],"replies":[{"embeddable":true,"href":"https:\/\/www.sudoestehoje.com.br\/novoportal\/wp-json\/wp\/v2\/comments?post=113413"}],"version-history":[{"count":1,"href":"https:\/\/www.sudoestehoje.com.br\/novoportal\/wp-json\/wp\/v2\/posts\/113413\/revisions"}],"predecessor-version":[{"id":113415,"href":"https:\/\/www.sudoestehoje.com.br\/novoportal\/wp-json\/wp\/v2\/posts\/113413\/revisions\/113415"}],"wp:featuredmedia":[{"embeddable":true,"href":"https:\/\/www.sudoestehoje.com.br\/novoportal\/wp-json\/wp\/v2\/media\/113414"}],"wp:attachment":[{"href":"https:\/\/www.sudoestehoje.com.br\/novoportal\/wp-json\/wp\/v2\/media?parent=113413"}],"wp:term":[{"taxonomy":"category","embeddable":true,"href":"https:\/\/www.sudoestehoje.com.br\/novoportal\/wp-json\/wp\/v2\/categories?post=113413"},{"taxonomy":"post_tag","embeddable":true,"href":"https:\/\/www.sudoestehoje.com.br\/novoportal\/wp-json\/wp\/v2\/tags?post=113413"}],"curies":[{"name":"wp","href":"https:\/\/api.w.org\/{rel}","templated":true}]}}