
{"id":113400,"date":"2023-10-20T08:36:15","date_gmt":"2023-10-20T11:36:15","guid":{"rendered":"https:\/\/www.sudoestehoje.com.br\/novoportal\/?p=113400"},"modified":"2023-10-20T08:37:14","modified_gmt":"2023-10-20T11:37:14","slug":"pedro-tavares-pede-iluminacao-da-ba-263-entre-o-trevo-da-azaleia-e-a-policia-rodoviaria-em-itapetinga-2","status":"publish","type":"post","link":"https:\/\/www.sudoestehoje.com.br\/novoportal\/2023\/10\/20\/pedro-tavares-pede-iluminacao-da-ba-263-entre-o-trevo-da-azaleia-e-a-policia-rodoviaria-em-itapetinga-2\/","title":{"rendered":"PEDRO TAVARES PEDE ILUMINA\u00c7\u00c3O DA BA-263 ENTRE O TREVO DA AZALEIA E A POL\u00cdCIA RODOVI\u00c1RIA, EM ITAPETINGA"},"content":{"rendered":"<p><img loading=\"lazy\" decoding=\"async\" class=\"alignnone wp-image-113397\" src=\"https:\/\/www.sudoestehoje.com.br\/novoportal\/wp-content\/uploads\/2023\/10\/WhatsApp-Image-2023-10-03-at-09.58.43-1-600x616-1.jpeg\" alt=\"\" width=\"549\" height=\"380\" \/><\/p>\n<p><strong>O deputado estadual Pedro Tavares (Uni\u00e3o Brasil) apresentou uma indica\u00e7\u00e3o solicitando que o Governo promova ilumina\u00e7\u00e3o na BA-263, entre o trevo da Azaleia e a Pol\u00edcia Rodovi\u00e1ria, no munic\u00edpio de Itapetinga. No documento, o deputado explica que o per\u00edmetro urbano da BA-263 fica totalmente escuro \u00e0 noite, contribuindo dessa forma para a ocorr\u00eancia de in\u00fameros acidentes.<\/strong><\/p>\n<p><strong>\u201cO trecho da rodovia entre a Azaleia e a Pol\u00edcia Rodovi\u00e1ria Estadual est\u00e1 em processo de urbaniza\u00e7\u00e3o e precisa se adequar \u00e0s normas de seguran\u00e7a e mobilidade, com ilumina\u00e7\u00e3o apropriada. \u00c9 preciso destacar a relev\u00e2ncia da BA-263 para mobilidade em expressivos trechos da Bahia, assim como figura como uma das principais vias de liga\u00e7\u00e3o com o norte de Minas Gerais, facilitando o deslocamento entre o nordeste e o sudeste do Pa\u00eds. Dessa forma, a BA-263 se apresenta como uma relevante rodovia para todo o Estado, enquanto carece de ilumina\u00e7\u00e3o adequada para o tr\u00e1fego de seus condutores\u201d, afirmou na indica\u00e7\u00e3o.<\/strong><\/p>\n<p><strong>Tavares relata que as atuais condi\u00e7\u00f5es da BA-263 geram riscos \u00e0 popula\u00e7\u00e3o e todos os condutores que dependem do trecho para trafegar. \u201cA ilumina\u00e7\u00e3o desse trecho ir\u00e1 beneficiar as fam\u00edlias itapetinguenses e baianas com o deslocamento seguro, al\u00e9m de promover o desenvolvimento local com incremento de cargas e produ\u00e7\u00e3o e otimiza\u00e7\u00e3o do tempo de viagem\u201d, defendeu.<\/strong><\/p>\n<p><strong>O deputado lembrou que a proposta foi sugerida pelo blogueiro e advogado Davi Ferraz, atrav\u00e9s do site Sudoeste Hoje, com ampla repercuss\u00e3o na regi\u00e3o, pela sua import\u00e2ncia.<\/strong><\/p>\n","protected":false},"excerpt":{"rendered":"<p>O deputado estadual Pedro Tavares (Uni\u00e3o Brasil) apresentou uma indica\u00e7\u00e3o solicitando que o Governo promova ilumina\u00e7\u00e3o na BA-263, entre o trevo da Azaleia e a Pol\u00edcia Rodovi\u00e1ria, no munic\u00edpio de Itapetinga. No documento, o deputado explica que o per\u00edmetro urbano da BA-263 fica totalmente escuro \u00e0 noite, contribuindo dessa forma para a ocorr\u00eancia de in\u00fameros [&hellip;]<\/p>\n","protected":false},"author":2,"featured_media":113397,"comment_status":"closed","ping_status":"open","sticky":false,"template":"","format":"standard","meta":{"footnotes":"","_links_to":"","_links_to_target":""},"categories":[1],"tags":[],"class_list":["post-113400","post","type-post","status-publish","format-standard","has-post-thumbnail","hentry","category-geral"],"views":1112,"_links":{"self":[{"href":"https:\/\/www.sudoestehoje.com.br\/novoportal\/wp-json\/wp\/v2\/posts\/113400","targetHints":{"allow":["GET"]}}],"collection":[{"href":"https:\/\/www.sudoestehoje.com.br\/novoportal\/wp-json\/wp\/v2\/posts"}],"about":[{"href":"https:\/\/www.sudoestehoje.com.br\/novoportal\/wp-json\/wp\/v2\/types\/post"}],"author":[{"embeddable":true,"href":"https:\/\/www.sudoestehoje.com.br\/novoportal\/wp-json\/wp\/v2\/users\/2"}],"replies":[{"embeddable":true,"href":"https:\/\/www.sudoestehoje.com.br\/novoportal\/wp-json\/wp\/v2\/comments?post=113400"}],"version-history":[{"count":2,"href":"https:\/\/www.sudoestehoje.com.br\/novoportal\/wp-json\/wp\/v2\/posts\/113400\/revisions"}],"predecessor-version":[{"id":113402,"href":"https:\/\/www.sudoestehoje.com.br\/novoportal\/wp-json\/wp\/v2\/posts\/113400\/revisions\/113402"}],"wp:featuredmedia":[{"embeddable":true,"href":"https:\/\/www.sudoestehoje.com.br\/novoportal\/wp-json\/wp\/v2\/media\/113397"}],"wp:attachment":[{"href":"https:\/\/www.sudoestehoje.com.br\/novoportal\/wp-json\/wp\/v2\/media?parent=113400"}],"wp:term":[{"taxonomy":"category","embeddable":true,"href":"https:\/\/www.sudoestehoje.com.br\/novoportal\/wp-json\/wp\/v2\/categories?post=113400"},{"taxonomy":"post_tag","embeddable":true,"href":"https:\/\/www.sudoestehoje.com.br\/novoportal\/wp-json\/wp\/v2\/tags?post=113400"}],"curies":[{"name":"wp","href":"https:\/\/api.w.org\/{rel}","templated":true}]}}