
{"id":113383,"date":"2023-10-19T23:11:08","date_gmt":"2023-10-20T02:11:08","guid":{"rendered":"https:\/\/www.sudoestehoje.com.br\/novoportal\/?p=113383"},"modified":"2023-10-20T02:21:07","modified_gmt":"2023-10-20T05:21:07","slug":"itapetinga-eduardo-hagge-confirma-pre-candidatura-a-prefeito-em-reuniao-da-militancia-do-grupo","status":"publish","type":"post","link":"https:\/\/www.sudoestehoje.com.br\/novoportal\/2023\/10\/19\/itapetinga-eduardo-hagge-confirma-pre-candidatura-a-prefeito-em-reuniao-da-militancia-do-grupo\/","title":{"rendered":"ITAPETINGA | EDUARDO HAGGE CONFIRMA PR\u00c9-CANDIDATURA A PREFEITO PELO MDB"},"content":{"rendered":"<p><img loading=\"lazy\" decoding=\"async\" class=\"alignnone wp-image-113384\" src=\"https:\/\/www.sudoestehoje.com.br\/novoportal\/wp-content\/uploads\/2023\/10\/8744a689-3882-4788-adb4-cd073bd58c53-600x338.jpg\" alt=\"\" width=\"550\" height=\"310\" srcset=\"https:\/\/www.sudoestehoje.com.br\/novoportal\/wp-content\/uploads\/2023\/10\/8744a689-3882-4788-adb4-cd073bd58c53-600x338.jpg 600w, https:\/\/www.sudoestehoje.com.br\/novoportal\/wp-content\/uploads\/2023\/10\/8744a689-3882-4788-adb4-cd073bd58c53-700x394.jpg 700w, https:\/\/www.sudoestehoje.com.br\/novoportal\/wp-content\/uploads\/2023\/10\/8744a689-3882-4788-adb4-cd073bd58c53-768x432.jpg 768w, https:\/\/www.sudoestehoje.com.br\/novoportal\/wp-content\/uploads\/2023\/10\/8744a689-3882-4788-adb4-cd073bd58c53-1536x865.jpg 1536w, https:\/\/www.sudoestehoje.com.br\/novoportal\/wp-content\/uploads\/2023\/10\/8744a689-3882-4788-adb4-cd073bd58c53.jpg 1600w\" sizes=\"auto, (max-width: 550px) 100vw, 550px\" \/><\/p>\n<p><strong>Na noite desta quinta-feira (19), o m\u00e9dico veterin\u00e1rio Eduardo Hagge confirmou a sua pr\u00e9-candidatura a prefeito de Itapetinga, em uma reuni\u00e3o da milit\u00e2ncia &#8216;Gabiraba&#8217;, realizada na Casa da Amizade.<\/strong><\/p>\n<p><img loading=\"lazy\" decoding=\"async\" class=\"alignnone wp-image-113390\" src=\"https:\/\/www.sudoestehoje.com.br\/novoportal\/wp-content\/uploads\/2023\/10\/WhatsApp-Image-2023-10-19-at-23.00.12-600x338.jpeg\" alt=\"\" width=\"549\" height=\"309\" srcset=\"https:\/\/www.sudoestehoje.com.br\/novoportal\/wp-content\/uploads\/2023\/10\/WhatsApp-Image-2023-10-19-at-23.00.12-600x338.jpeg 600w, https:\/\/www.sudoestehoje.com.br\/novoportal\/wp-content\/uploads\/2023\/10\/WhatsApp-Image-2023-10-19-at-23.00.12-700x394.jpeg 700w, https:\/\/www.sudoestehoje.com.br\/novoportal\/wp-content\/uploads\/2023\/10\/WhatsApp-Image-2023-10-19-at-23.00.12-768x432.jpeg 768w, https:\/\/www.sudoestehoje.com.br\/novoportal\/wp-content\/uploads\/2023\/10\/WhatsApp-Image-2023-10-19-at-23.00.12-1536x865.jpeg 1536w, https:\/\/www.sudoestehoje.com.br\/novoportal\/wp-content\/uploads\/2023\/10\/WhatsApp-Image-2023-10-19-at-23.00.12.jpeg 1600w\" sizes=\"auto, (max-width: 549px) 100vw, 549px\" \/><\/p>\n<p><strong>Grande parte da milit\u00e2ncia do MDB e outros partidos da base do prefeito Rodrigo Hagge compareceu \u00e0 reuni\u00e3o e saiu euf\u00f3rica, depois de ouvir da pr\u00f3pria boca de Eduardo, que seu nome est\u00e1 \u00e0 disposi\u00e7\u00e3o do grupo para disputar a indica\u00e7\u00e3o na conven\u00e7\u00e3o do MDB, no pr\u00f3ximo ano, e disputar a elei\u00e7\u00e3o majorit\u00e1ria, caso seja o escolhido pelo seu partido.<\/strong><\/p>\n<p><img loading=\"lazy\" decoding=\"async\" class=\"alignnone wp-image-113389\" src=\"https:\/\/www.sudoestehoje.com.br\/novoportal\/wp-content\/uploads\/2023\/10\/WhatsApp-Image-2023-10-19-at-22.59.12-600x338.jpeg\" alt=\"\" width=\"550\" height=\"310\" srcset=\"https:\/\/www.sudoestehoje.com.br\/novoportal\/wp-content\/uploads\/2023\/10\/WhatsApp-Image-2023-10-19-at-22.59.12-600x338.jpeg 600w, https:\/\/www.sudoestehoje.com.br\/novoportal\/wp-content\/uploads\/2023\/10\/WhatsApp-Image-2023-10-19-at-22.59.12-700x394.jpeg 700w, https:\/\/www.sudoestehoje.com.br\/novoportal\/wp-content\/uploads\/2023\/10\/WhatsApp-Image-2023-10-19-at-22.59.12-768x432.jpeg 768w, https:\/\/www.sudoestehoje.com.br\/novoportal\/wp-content\/uploads\/2023\/10\/WhatsApp-Image-2023-10-19-at-22.59.12-1536x865.jpeg 1536w, https:\/\/www.sudoestehoje.com.br\/novoportal\/wp-content\/uploads\/2023\/10\/WhatsApp-Image-2023-10-19-at-22.59.12.jpeg 1600w\" sizes=\"auto, (max-width: 550px) 100vw, 550px\" \/><\/p>\n<p><strong>Eduardo Hagge fez um breve discurso falando da sua trajet\u00f3ria e foi efusivamente aplaudido quando anunciou a sua pr\u00e9-candidatura a prefeito. O entusiasmo foi geral.<\/strong><\/p>\n<p><img loading=\"lazy\" decoding=\"async\" class=\"alignnone wp-image-113391\" src=\"https:\/\/www.sudoestehoje.com.br\/novoportal\/wp-content\/uploads\/2023\/10\/WhatsApp-Image-2023-10-19-at-23.05.41-600x338.jpeg\" alt=\"\" width=\"550\" height=\"310\" srcset=\"https:\/\/www.sudoestehoje.com.br\/novoportal\/wp-content\/uploads\/2023\/10\/WhatsApp-Image-2023-10-19-at-23.05.41-600x338.jpeg 600w, https:\/\/www.sudoestehoje.com.br\/novoportal\/wp-content\/uploads\/2023\/10\/WhatsApp-Image-2023-10-19-at-23.05.41-700x394.jpeg 700w, https:\/\/www.sudoestehoje.com.br\/novoportal\/wp-content\/uploads\/2023\/10\/WhatsApp-Image-2023-10-19-at-23.05.41-768x432.jpeg 768w, https:\/\/www.sudoestehoje.com.br\/novoportal\/wp-content\/uploads\/2023\/10\/WhatsApp-Image-2023-10-19-at-23.05.41-1536x865.jpeg 1536w, https:\/\/www.sudoestehoje.com.br\/novoportal\/wp-content\/uploads\/2023\/10\/WhatsApp-Image-2023-10-19-at-23.05.41.jpeg 1600w\" sizes=\"auto, (max-width: 550px) 100vw, 550px\" \/><\/p>\n<p><strong>Presentes na reuni\u00e3o, os pr\u00e9-candidatos Luciano Almeida, Davi Ferraz, Darwin Renan e Fabio Viana, manifestaram apoio \u00e0 pr\u00e9-candidatura de Eduardo Hagge, se afastando da disputa.<\/strong><\/p>\n<p><strong>Por Davi Ferraz<\/strong><\/p>\n","protected":false},"excerpt":{"rendered":"<p>Na noite desta quinta-feira (19), o m\u00e9dico veterin\u00e1rio Eduardo Hagge confirmou a sua pr\u00e9-candidatura a prefeito de Itapetinga, em uma reuni\u00e3o da milit\u00e2ncia &#8216;Gabiraba&#8217;, realizada na Casa da Amizade. Grande parte da milit\u00e2ncia do MDB e outros partidos da base do prefeito Rodrigo Hagge compareceu \u00e0 reuni\u00e3o e saiu euf\u00f3rica, depois de ouvir da pr\u00f3pria [&hellip;]<\/p>\n","protected":false},"author":2,"featured_media":113384,"comment_status":"closed","ping_status":"open","sticky":false,"template":"","format":"standard","meta":{"footnotes":"","_links_to":"","_links_to_target":""},"categories":[1],"tags":[],"class_list":["post-113383","post","type-post","status-publish","format-standard","has-post-thumbnail","hentry","category-geral"],"views":1679,"_links":{"self":[{"href":"https:\/\/www.sudoestehoje.com.br\/novoportal\/wp-json\/wp\/v2\/posts\/113383","targetHints":{"allow":["GET"]}}],"collection":[{"href":"https:\/\/www.sudoestehoje.com.br\/novoportal\/wp-json\/wp\/v2\/posts"}],"about":[{"href":"https:\/\/www.sudoestehoje.com.br\/novoportal\/wp-json\/wp\/v2\/types\/post"}],"author":[{"embeddable":true,"href":"https:\/\/www.sudoestehoje.com.br\/novoportal\/wp-json\/wp\/v2\/users\/2"}],"replies":[{"embeddable":true,"href":"https:\/\/www.sudoestehoje.com.br\/novoportal\/wp-json\/wp\/v2\/comments?post=113383"}],"version-history":[{"count":6,"href":"https:\/\/www.sudoestehoje.com.br\/novoportal\/wp-json\/wp\/v2\/posts\/113383\/revisions"}],"predecessor-version":[{"id":113393,"href":"https:\/\/www.sudoestehoje.com.br\/novoportal\/wp-json\/wp\/v2\/posts\/113383\/revisions\/113393"}],"wp:featuredmedia":[{"embeddable":true,"href":"https:\/\/www.sudoestehoje.com.br\/novoportal\/wp-json\/wp\/v2\/media\/113384"}],"wp:attachment":[{"href":"https:\/\/www.sudoestehoje.com.br\/novoportal\/wp-json\/wp\/v2\/media?parent=113383"}],"wp:term":[{"taxonomy":"category","embeddable":true,"href":"https:\/\/www.sudoestehoje.com.br\/novoportal\/wp-json\/wp\/v2\/categories?post=113383"},{"taxonomy":"post_tag","embeddable":true,"href":"https:\/\/www.sudoestehoje.com.br\/novoportal\/wp-json\/wp\/v2\/tags?post=113383"}],"curies":[{"name":"wp","href":"https:\/\/api.w.org\/{rel}","templated":true}]}}