
{"id":113374,"date":"2023-10-19T10:46:55","date_gmt":"2023-10-19T13:46:55","guid":{"rendered":"https:\/\/www.sudoestehoje.com.br\/novoportal\/?p=113374"},"modified":"2023-10-19T10:48:18","modified_gmt":"2023-10-19T13:48:18","slug":"novidade-whatsapp-libera-duas-contas-simultaneas-no-mesmo-celular","status":"publish","type":"post","link":"https:\/\/www.sudoestehoje.com.br\/novoportal\/2023\/10\/19\/novidade-whatsapp-libera-duas-contas-simultaneas-no-mesmo-celular\/","title":{"rendered":"NOVIDADE! WHATSAPP LIBERA DUAS CONTAS SIMULT\u00c2NEAS NO MESMO CELULAR"},"content":{"rendered":"<div class=\"mdc-layout-grid__cell mdc-layout-grid__cell--span-6-desktop mdc-layout-grid__cell--span-8-tablet comp paragrafo cXenseParse\">\n<p><img loading=\"lazy\" decoding=\"async\" class=\"alignnone wp-image-113375\" src=\"https:\/\/www.sudoestehoje.com.br\/novoportal\/wp-content\/uploads\/2023\/10\/empresas-meta-whatsapp-600x319.webp\" alt=\"\" width=\"549\" height=\"292\" srcset=\"https:\/\/www.sudoestehoje.com.br\/novoportal\/wp-content\/uploads\/2023\/10\/empresas-meta-whatsapp-600x319.webp 600w, https:\/\/www.sudoestehoje.com.br\/novoportal\/wp-content\/uploads\/2023\/10\/empresas-meta-whatsapp-700x372.webp 700w, https:\/\/www.sudoestehoje.com.br\/novoportal\/wp-content\/uploads\/2023\/10\/empresas-meta-whatsapp-768x408.webp 768w, https:\/\/www.sudoestehoje.com.br\/novoportal\/wp-content\/uploads\/2023\/10\/empresas-meta-whatsapp.webp 1280w\" sizes=\"auto, (max-width: 549px) 100vw, 549px\" \/><\/p>\n<p><strong>O grande momento para quem tem n\u00fameros de celular chegou: o WhatsApp liberou a fun\u00e7\u00e3o de usar o mesmo aplicativo para duas linhas. A novidade foi anunciada por Mark Zuckerberg, CEO da Meta (dona do WhatsApp, Instagram e Facebook), nesta quinta-feira (19).<\/strong><\/p>\n<p><strong>A nova fun\u00e7\u00e3o ser\u00e1 liberada aos poucos para celulares Android e deve chegar a todos eles &#8220;nas pr\u00f3ximas semanas e meses&#8221;. Ainda n\u00e3o h\u00e1 informa\u00e7\u00e3o se a novidade tamb\u00e9m vai chegar ao sistema iOS, do iPhone.<\/strong><\/p>\n<\/div>\n<div class=\"mdc-layout-grid__cell mdc-layout-grid__cell--span-6-desktop mdc-layout-grid__cell--span-8-tablet comp paragrafo cXenseParse\">\n<p><strong>Para ter uma segunda conta no app, \u00e9 necess\u00e1rio ter uma segunda linha de celular operando no aparelho. Isso pode ser feito usando mais de um cart\u00e3o SIM (popularmente chamado de chip) em celulares que comportam mais de uma linha ou com um eSIM, que j\u00e1 vem integrado ao celular.<\/strong><\/p>\n<div class=\"mdc-layout-grid__cell mdc-layout-grid__cell--span-6-desktop mdc-layout-grid__cell--span-8-tablet comp paragrafo cXenseParse\">\n<p><strong>Veja o passo-a-passo para ativar a fun\u00e7\u00e3o:<\/strong><\/p>\n<\/div>\n<div class=\"mdc-layout-grid__cell mdc-layout-grid__cell--span-6-desktop mdc-layout-grid__cell--span-8-tablet comp paragrafo cXenseParse\">\n<p><strong>Acessar o menu Configura\u00e7\u00f5es<\/strong><\/p>\n<p><strong>Clicar na seta ao lado do seu nome e em &#8220;Adicionar conta&#8221;<\/strong><\/p>\n<p><strong>A partir da\u00ed, \u00e9 poss\u00edvel controlar as op\u00e7\u00f5es de privacidade e notifica\u00e7\u00e3o em cada uma das contas<\/strong><\/p>\n<\/div>\n<div class=\"mdc-layout-grid__cell mdc-layout-grid__cell--span-6-desktop mdc-layout-grid__cell--span-8-tablet comp paragrafo cXenseParse\">\n<p><strong>Em junho, o WhatsApp liberou a fun\u00e7\u00e3o que permite usar a mesma conta de WhatsApp em mais de um dispositivo &#8211; na pr\u00e1tica, significa que agora \u00e9 poss\u00edvel usar um s\u00f3 perfil em quatro smartphones diferentes<\/strong><\/p>\n<\/div>\n<\/div>\n","protected":false},"excerpt":{"rendered":"<p>O grande momento para quem tem n\u00fameros de celular chegou: o WhatsApp liberou a fun\u00e7\u00e3o de usar o mesmo aplicativo para duas linhas. A novidade foi anunciada por Mark Zuckerberg, CEO da Meta (dona do WhatsApp, Instagram e Facebook), nesta quinta-feira (19). A nova fun\u00e7\u00e3o ser\u00e1 liberada aos poucos para celulares Android e deve chegar [&hellip;]<\/p>\n","protected":false},"author":2,"featured_media":113375,"comment_status":"closed","ping_status":"open","sticky":false,"template":"","format":"standard","meta":{"footnotes":"","_links_to":"","_links_to_target":""},"categories":[1],"tags":[],"class_list":["post-113374","post","type-post","status-publish","format-standard","has-post-thumbnail","hentry","category-geral"],"views":658,"_links":{"self":[{"href":"https:\/\/www.sudoestehoje.com.br\/novoportal\/wp-json\/wp\/v2\/posts\/113374","targetHints":{"allow":["GET"]}}],"collection":[{"href":"https:\/\/www.sudoestehoje.com.br\/novoportal\/wp-json\/wp\/v2\/posts"}],"about":[{"href":"https:\/\/www.sudoestehoje.com.br\/novoportal\/wp-json\/wp\/v2\/types\/post"}],"author":[{"embeddable":true,"href":"https:\/\/www.sudoestehoje.com.br\/novoportal\/wp-json\/wp\/v2\/users\/2"}],"replies":[{"embeddable":true,"href":"https:\/\/www.sudoestehoje.com.br\/novoportal\/wp-json\/wp\/v2\/comments?post=113374"}],"version-history":[{"count":2,"href":"https:\/\/www.sudoestehoje.com.br\/novoportal\/wp-json\/wp\/v2\/posts\/113374\/revisions"}],"predecessor-version":[{"id":113377,"href":"https:\/\/www.sudoestehoje.com.br\/novoportal\/wp-json\/wp\/v2\/posts\/113374\/revisions\/113377"}],"wp:featuredmedia":[{"embeddable":true,"href":"https:\/\/www.sudoestehoje.com.br\/novoportal\/wp-json\/wp\/v2\/media\/113375"}],"wp:attachment":[{"href":"https:\/\/www.sudoestehoje.com.br\/novoportal\/wp-json\/wp\/v2\/media?parent=113374"}],"wp:term":[{"taxonomy":"category","embeddable":true,"href":"https:\/\/www.sudoestehoje.com.br\/novoportal\/wp-json\/wp\/v2\/categories?post=113374"},{"taxonomy":"post_tag","embeddable":true,"href":"https:\/\/www.sudoestehoje.com.br\/novoportal\/wp-json\/wp\/v2\/tags?post=113374"}],"curies":[{"name":"wp","href":"https:\/\/api.w.org\/{rel}","templated":true}]}}