
{"id":113370,"date":"2023-10-19T10:26:41","date_gmt":"2023-10-19T13:26:41","guid":{"rendered":"https:\/\/www.sudoestehoje.com.br\/novoportal\/?p=113370"},"modified":"2023-10-19T10:26:41","modified_gmt":"2023-10-19T13:26:41","slug":"ilheus-mar-avanca-derruba-casas-e-barracas-e-ameaca-mansoes-prefeitura-decreta-emergencia","status":"publish","type":"post","link":"https:\/\/www.sudoestehoje.com.br\/novoportal\/2023\/10\/19\/ilheus-mar-avanca-derruba-casas-e-barracas-e-ameaca-mansoes-prefeitura-decreta-emergencia\/","title":{"rendered":"ILH\u00c9US | MAR AVAN\u00c7A, DERRUBA CASAS E BARRACAS E AMEA\u00c7A MANS\u00d5ES; PREFEITURA DECRETA EMERG\u00caNCIA"},"content":{"rendered":"<div class=\"mdc-layout-grid__cell mdc-layout-grid__cell--span-6-desktop mdc-layout-grid__cell--span-8-tablet comp paragrafo cXenseParse\">\n<p><img loading=\"lazy\" decoding=\"async\" class=\"alignnone  wp-image-113372\" src=\"https:\/\/www.sudoestehoje.com.br\/novoportal\/wp-content\/uploads\/2023\/10\/ILHEUS-1.jpg\" alt=\"\" width=\"551\" height=\"381\" \/><\/p>\n<p><strong>A Prefeitura de Ilh\u00e9us declarou na \u00faltima segunda-feira (16) situa\u00e7\u00e3o de emerg\u00eancia nas \u00e1reas que foram afetadas pela eros\u00e3o marinha. A medida se deu em considera\u00e7\u00e3o ao aumento do n\u00edvel do mar no per\u00edodo de 1\u00ba a 16 de outubro, nas localidades de S\u00e3o Domingos, S\u00e3o Miguel, Ponta da Tulha, Mamo\u00e3, J\u00f3ia do Atl\u00e2ntico e Ponta do Ramo, Zona Norte da cidade.<\/strong><\/p>\n<p><strong>Im\u00f3veis particulares, vias p\u00fablicas e estabelecimentos comerciais est\u00e3o sendo afetados diretamente com o avan\u00e7o da mar\u00e9. Segundo o Munic\u00edpio, o parecer t\u00e9cnico j\u00e1 foi enviado para a Defesa Civil Nacional. A medida autoriza a mobiliza\u00e7\u00e3o de todos os \u00f3rg\u00e3os para atuarem nas a\u00e7\u00f5es de resposta ao desastre e reabilita\u00e7\u00e3o do cen\u00e1rio e reconstru\u00e7\u00e3o.<\/strong><\/p>\n<\/div>\n<div class=\"mdc-layout-grid__cell mdc-layout-grid__cell--span-6-desktop mdc-layout-grid__cell--span-8-tablet comp paragrafo cXenseParse\">\n<p><strong>\u201cO decreto possibilita o desenvolvimento de atividades preventivas junto \u00e0s comunidades afetadas, dando maior capacidade para o atendimento das ocorr\u00eancias, al\u00e9m de registrar o hist\u00f3rico deste evento cr\u00edtico\u201d, disse Joandre Neres, coordenador da Defesa Civil Municipal.<\/strong><\/p>\n<\/div>\n<div class=\"mdc-layout-grid__cell mdc-layout-grid__cell--span-6-desktop mdc-layout-grid__cell--span-8-tablet comp paragrafo cXenseParse\">\n<p><strong>A prefeitura enviou m\u00e1quinas escavadeiras para realizar reparos nos danos causados pela eros\u00e3o costeira.<\/strong><\/p>\n<\/div>\n","protected":false},"excerpt":{"rendered":"<p>A Prefeitura de Ilh\u00e9us declarou na \u00faltima segunda-feira (16) situa\u00e7\u00e3o de emerg\u00eancia nas \u00e1reas que foram afetadas pela eros\u00e3o marinha. A medida se deu em considera\u00e7\u00e3o ao aumento do n\u00edvel do mar no per\u00edodo de 1\u00ba a 16 de outubro, nas localidades de S\u00e3o Domingos, S\u00e3o Miguel, Ponta da Tulha, Mamo\u00e3, J\u00f3ia do Atl\u00e2ntico e [&hellip;]<\/p>\n","protected":false},"author":2,"featured_media":113372,"comment_status":"closed","ping_status":"open","sticky":false,"template":"","format":"standard","meta":{"footnotes":"","_links_to":"","_links_to_target":""},"categories":[1],"tags":[],"class_list":["post-113370","post","type-post","status-publish","format-standard","has-post-thumbnail","hentry","category-geral"],"views":932,"_links":{"self":[{"href":"https:\/\/www.sudoestehoje.com.br\/novoportal\/wp-json\/wp\/v2\/posts\/113370","targetHints":{"allow":["GET"]}}],"collection":[{"href":"https:\/\/www.sudoestehoje.com.br\/novoportal\/wp-json\/wp\/v2\/posts"}],"about":[{"href":"https:\/\/www.sudoestehoje.com.br\/novoportal\/wp-json\/wp\/v2\/types\/post"}],"author":[{"embeddable":true,"href":"https:\/\/www.sudoestehoje.com.br\/novoportal\/wp-json\/wp\/v2\/users\/2"}],"replies":[{"embeddable":true,"href":"https:\/\/www.sudoestehoje.com.br\/novoportal\/wp-json\/wp\/v2\/comments?post=113370"}],"version-history":[{"count":1,"href":"https:\/\/www.sudoestehoje.com.br\/novoportal\/wp-json\/wp\/v2\/posts\/113370\/revisions"}],"predecessor-version":[{"id":113373,"href":"https:\/\/www.sudoestehoje.com.br\/novoportal\/wp-json\/wp\/v2\/posts\/113370\/revisions\/113373"}],"wp:featuredmedia":[{"embeddable":true,"href":"https:\/\/www.sudoestehoje.com.br\/novoportal\/wp-json\/wp\/v2\/media\/113372"}],"wp:attachment":[{"href":"https:\/\/www.sudoestehoje.com.br\/novoportal\/wp-json\/wp\/v2\/media?parent=113370"}],"wp:term":[{"taxonomy":"category","embeddable":true,"href":"https:\/\/www.sudoestehoje.com.br\/novoportal\/wp-json\/wp\/v2\/categories?post=113370"},{"taxonomy":"post_tag","embeddable":true,"href":"https:\/\/www.sudoestehoje.com.br\/novoportal\/wp-json\/wp\/v2\/tags?post=113370"}],"curies":[{"name":"wp","href":"https:\/\/api.w.org\/{rel}","templated":true}]}}