
{"id":113366,"date":"2023-10-19T10:05:10","date_gmt":"2023-10-19T13:05:10","guid":{"rendered":"https:\/\/www.sudoestehoje.com.br\/novoportal\/?p=113366"},"modified":"2023-10-19T10:05:10","modified_gmt":"2023-10-19T13:05:10","slug":"prefeitura-de-itapetinga-promove-vacinacao-da-criancada-na-sede-bandeira-e-palmares","status":"publish","type":"post","link":"https:\/\/www.sudoestehoje.com.br\/novoportal\/2023\/10\/19\/prefeitura-de-itapetinga-promove-vacinacao-da-criancada-na-sede-bandeira-e-palmares\/","title":{"rendered":"PREFEITURA DE ITAPETINGA PROMOVE VACINA\u00c7\u00c3O DA CRIAN\u00c7ADA NA SEDE, BANDEIRA E PALMARES"},"content":{"rendered":"<p><img loading=\"lazy\" decoding=\"async\" class=\"alignnone  wp-image-113367\" src=\"https:\/\/www.sudoestehoje.com.br\/novoportal\/wp-content\/uploads\/2023\/10\/WhatsApp-Image-2023-10-18-at-15.22.16-600x750.jpeg\" alt=\"\" width=\"551\" height=\"689\" srcset=\"https:\/\/www.sudoestehoje.com.br\/novoportal\/wp-content\/uploads\/2023\/10\/WhatsApp-Image-2023-10-18-at-15.22.16-600x750.jpeg 600w, https:\/\/www.sudoestehoje.com.br\/novoportal\/wp-content\/uploads\/2023\/10\/WhatsApp-Image-2023-10-18-at-15.22.16-700x875.jpeg 700w, https:\/\/www.sudoestehoje.com.br\/novoportal\/wp-content\/uploads\/2023\/10\/WhatsApp-Image-2023-10-18-at-15.22.16-768x960.jpeg 768w, https:\/\/www.sudoestehoje.com.br\/novoportal\/wp-content\/uploads\/2023\/10\/WhatsApp-Image-2023-10-18-at-15.22.16.jpeg 1181w\" sizes=\"auto, (max-width: 551px) 100vw, 551px\" \/><\/p>\n<p><strong>Chegou a hora de atualizar a caderneta de vacina\u00e7\u00e3o. Por isso, a prefeitura de Itapetinga far\u00e1 um grande grande movimento para lembrar da import\u00e2ncia da imuniza\u00e7\u00e3o. <\/strong><\/p>\n<p><strong>Neste s\u00e1bado, 21, acontecer\u00e1 o Dia D da campanha de multivacina\u00e7\u00e3o. Na pra\u00e7a Dairy Valley, das 8h \u00e0s 17h, todos os nossos vacinadores e o Z\u00e9 Gotinha estar\u00e3o esperando para imunizar nossas crian\u00e7as de 0 a 15 anos de idade. <\/strong><\/p>\n<p><strong>Vai ter brincadeira, divers\u00e3o e preven\u00e7\u00e3o. Aten\u00e7\u00e3o papais e mam\u00e3es, vai ter \u00f4nibus saindo de hora em hora dos postos de sa\u00fade de cada bairro. Venham e tragam seus filhos para essa grande festa da sa\u00fade. Vacinem!<\/strong><\/p>\n","protected":false},"excerpt":{"rendered":"<p>Chegou a hora de atualizar a caderneta de vacina\u00e7\u00e3o. Por isso, a prefeitura de Itapetinga far\u00e1 um grande grande movimento para lembrar da import\u00e2ncia da imuniza\u00e7\u00e3o. Neste s\u00e1bado, 21, acontecer\u00e1 o Dia D da campanha de multivacina\u00e7\u00e3o. Na pra\u00e7a Dairy Valley, das 8h \u00e0s 17h, todos os nossos vacinadores e o Z\u00e9 Gotinha estar\u00e3o esperando [&hellip;]<\/p>\n","protected":false},"author":2,"featured_media":113367,"comment_status":"closed","ping_status":"open","sticky":false,"template":"","format":"standard","meta":{"footnotes":"","_links_to":"","_links_to_target":""},"categories":[1],"tags":[],"class_list":["post-113366","post","type-post","status-publish","format-standard","has-post-thumbnail","hentry","category-geral"],"views":555,"_links":{"self":[{"href":"https:\/\/www.sudoestehoje.com.br\/novoportal\/wp-json\/wp\/v2\/posts\/113366","targetHints":{"allow":["GET"]}}],"collection":[{"href":"https:\/\/www.sudoestehoje.com.br\/novoportal\/wp-json\/wp\/v2\/posts"}],"about":[{"href":"https:\/\/www.sudoestehoje.com.br\/novoportal\/wp-json\/wp\/v2\/types\/post"}],"author":[{"embeddable":true,"href":"https:\/\/www.sudoestehoje.com.br\/novoportal\/wp-json\/wp\/v2\/users\/2"}],"replies":[{"embeddable":true,"href":"https:\/\/www.sudoestehoje.com.br\/novoportal\/wp-json\/wp\/v2\/comments?post=113366"}],"version-history":[{"count":2,"href":"https:\/\/www.sudoestehoje.com.br\/novoportal\/wp-json\/wp\/v2\/posts\/113366\/revisions"}],"predecessor-version":[{"id":113369,"href":"https:\/\/www.sudoestehoje.com.br\/novoportal\/wp-json\/wp\/v2\/posts\/113366\/revisions\/113369"}],"wp:featuredmedia":[{"embeddable":true,"href":"https:\/\/www.sudoestehoje.com.br\/novoportal\/wp-json\/wp\/v2\/media\/113367"}],"wp:attachment":[{"href":"https:\/\/www.sudoestehoje.com.br\/novoportal\/wp-json\/wp\/v2\/media?parent=113366"}],"wp:term":[{"taxonomy":"category","embeddable":true,"href":"https:\/\/www.sudoestehoje.com.br\/novoportal\/wp-json\/wp\/v2\/categories?post=113366"},{"taxonomy":"post_tag","embeddable":true,"href":"https:\/\/www.sudoestehoje.com.br\/novoportal\/wp-json\/wp\/v2\/tags?post=113366"}],"curies":[{"name":"wp","href":"https:\/\/api.w.org\/{rel}","templated":true}]}}