
{"id":113356,"date":"2023-10-19T08:39:37","date_gmt":"2023-10-19T11:39:37","guid":{"rendered":"https:\/\/www.sudoestehoje.com.br\/novoportal\/?p=113356"},"modified":"2023-10-19T08:50:16","modified_gmt":"2023-10-19T11:50:16","slug":"bahia-vence-o-inter-e-se-afasta-do-z-4","status":"publish","type":"post","link":"https:\/\/www.sudoestehoje.com.br\/novoportal\/2023\/10\/19\/bahia-vence-o-inter-e-se-afasta-do-z-4\/","title":{"rendered":"BAHIA VENCE O INTER POR 1 A 0 E SE AFASTA DO Z4"},"content":{"rendered":"<p><img loading=\"lazy\" decoding=\"async\" class=\"alignnone wp-image-113357\" src=\"https:\/\/www.sudoestehoje.com.br\/novoportal\/wp-content\/uploads\/2023\/10\/53267843467-09e13c6ec9-k-600x400.webp\" alt=\"\" width=\"551\" height=\"367\" srcset=\"https:\/\/www.sudoestehoje.com.br\/novoportal\/wp-content\/uploads\/2023\/10\/53267843467-09e13c6ec9-k-600x400.webp 600w, https:\/\/www.sudoestehoje.com.br\/novoportal\/wp-content\/uploads\/2023\/10\/53267843467-09e13c6ec9-k-700x467.webp 700w, https:\/\/www.sudoestehoje.com.br\/novoportal\/wp-content\/uploads\/2023\/10\/53267843467-09e13c6ec9-k-768x512.webp 768w, https:\/\/www.sudoestehoje.com.br\/novoportal\/wp-content\/uploads\/2023\/10\/53267843467-09e13c6ec9-k.webp 984w\" sizes=\"auto, (max-width: 551px) 100vw, 551px\" \/><\/p>\n<p><strong>Pela segunda vez no Brasileir\u00e3o, o Bahia sente o gol de acumular dois triunfos consecutivos. E numa boa hora. Na luta intensa, ponto a ponto, contra o rebaixamento, o Esquadr\u00e3o foi melhor no jogo e venceu o Internacional, na noite desta quarta-feira (18), na Arena Fonte Nova, em Salvador, por 1 a 0.<\/strong><\/p>\n<p><strong>O gol da partida v\u00e1lida pela 27\u00aa rodada da S\u00e9rie A do Campeonato Brasileiro foi marcado por Biel, ainda no primeiro tempo. Com maior volume de jogo, o Esquadr\u00e3o ainda teve tr\u00eas gols corretamente anulados na etapa final.<\/strong><\/p>\n<p><strong>Em termos hist\u00f3ricos, o \u00eaxito tricolor p\u00f4s fim a uma sequ\u00eancia de 11 jogos, por longos nove anos, sem vencer o Internacional. O \u00faltimo triunfo sobre os colorados acontecera na Sul-Americana de 2014.<\/strong><\/p>\n","protected":false},"excerpt":{"rendered":"<p>Pela segunda vez no Brasileir\u00e3o, o Bahia sente o gol de acumular dois triunfos consecutivos. E numa boa hora. Na luta intensa, ponto a ponto, contra o rebaixamento, o Esquadr\u00e3o foi melhor no jogo e venceu o Internacional, na noite desta quarta-feira (18), na Arena Fonte Nova, em Salvador, por 1 a 0. O gol [&hellip;]<\/p>\n","protected":false},"author":2,"featured_media":113357,"comment_status":"closed","ping_status":"open","sticky":false,"template":"","format":"standard","meta":{"footnotes":"","_links_to":"","_links_to_target":""},"categories":[1],"tags":[],"class_list":["post-113356","post","type-post","status-publish","format-standard","has-post-thumbnail","hentry","category-geral"],"views":548,"_links":{"self":[{"href":"https:\/\/www.sudoestehoje.com.br\/novoportal\/wp-json\/wp\/v2\/posts\/113356","targetHints":{"allow":["GET"]}}],"collection":[{"href":"https:\/\/www.sudoestehoje.com.br\/novoportal\/wp-json\/wp\/v2\/posts"}],"about":[{"href":"https:\/\/www.sudoestehoje.com.br\/novoportal\/wp-json\/wp\/v2\/types\/post"}],"author":[{"embeddable":true,"href":"https:\/\/www.sudoestehoje.com.br\/novoportal\/wp-json\/wp\/v2\/users\/2"}],"replies":[{"embeddable":true,"href":"https:\/\/www.sudoestehoje.com.br\/novoportal\/wp-json\/wp\/v2\/comments?post=113356"}],"version-history":[{"count":4,"href":"https:\/\/www.sudoestehoje.com.br\/novoportal\/wp-json\/wp\/v2\/posts\/113356\/revisions"}],"predecessor-version":[{"id":113361,"href":"https:\/\/www.sudoestehoje.com.br\/novoportal\/wp-json\/wp\/v2\/posts\/113356\/revisions\/113361"}],"wp:featuredmedia":[{"embeddable":true,"href":"https:\/\/www.sudoestehoje.com.br\/novoportal\/wp-json\/wp\/v2\/media\/113357"}],"wp:attachment":[{"href":"https:\/\/www.sudoestehoje.com.br\/novoportal\/wp-json\/wp\/v2\/media?parent=113356"}],"wp:term":[{"taxonomy":"category","embeddable":true,"href":"https:\/\/www.sudoestehoje.com.br\/novoportal\/wp-json\/wp\/v2\/categories?post=113356"},{"taxonomy":"post_tag","embeddable":true,"href":"https:\/\/www.sudoestehoje.com.br\/novoportal\/wp-json\/wp\/v2\/tags?post=113356"}],"curies":[{"name":"wp","href":"https:\/\/api.w.org\/{rel}","templated":true}]}}