
{"id":113344,"date":"2023-10-17T23:24:43","date_gmt":"2023-10-18T02:24:43","guid":{"rendered":"https:\/\/www.sudoestehoje.com.br\/novoportal\/?p=113344"},"modified":"2023-10-17T23:24:43","modified_gmt":"2023-10-18T02:24:43","slug":"brasil-perde-para-o-uruguai-e-cai-para-a-terceira-colocacao-nas-eliminatorias","status":"publish","type":"post","link":"https:\/\/www.sudoestehoje.com.br\/novoportal\/2023\/10\/17\/brasil-perde-para-o-uruguai-e-cai-para-a-terceira-colocacao-nas-eliminatorias\/","title":{"rendered":"BRASIL PERDE PARA O URUGUAI E CAI PARA A TERCEIRA COLOCA\u00c7\u00c3O NAS ELIMINAT\u00d3RIAS"},"content":{"rendered":"<p><img loading=\"lazy\" decoding=\"async\" class=\"alignnone  wp-image-113345\" src=\"https:\/\/www.sudoestehoje.com.br\/novoportal\/wp-content\/uploads\/2023\/10\/de-la-cruz-do-uruguai-comemora-apos-marcar-contra-o-brasil-pelas-eliminatorias-1697594312844_v2_900x506-600x337.jpg\" alt=\"\" width=\"550\" height=\"309\" srcset=\"https:\/\/www.sudoestehoje.com.br\/novoportal\/wp-content\/uploads\/2023\/10\/de-la-cruz-do-uruguai-comemora-apos-marcar-contra-o-brasil-pelas-eliminatorias-1697594312844_v2_900x506-600x337.jpg 600w, https:\/\/www.sudoestehoje.com.br\/novoportal\/wp-content\/uploads\/2023\/10\/de-la-cruz-do-uruguai-comemora-apos-marcar-contra-o-brasil-pelas-eliminatorias-1697594312844_v2_900x506-700x394.jpg 700w, https:\/\/www.sudoestehoje.com.br\/novoportal\/wp-content\/uploads\/2023\/10\/de-la-cruz-do-uruguai-comemora-apos-marcar-contra-o-brasil-pelas-eliminatorias-1697594312844_v2_900x506-768x432.jpg 768w, https:\/\/www.sudoestehoje.com.br\/novoportal\/wp-content\/uploads\/2023\/10\/de-la-cruz-do-uruguai-comemora-apos-marcar-contra-o-brasil-pelas-eliminatorias-1697594312844_v2_900x506.jpg 900w\" sizes=\"auto, (max-width: 550px) 100vw, 550px\" \/><\/p>\n<p><strong>Em partida realizada na noite desta ter\u00e7a-feira (17), no Centenario, em Montevid\u00e9u, o Brasil foi derrotado pelo Uruguai por 2 a 0, pela 4\u00aa rodada das Eliminat\u00f3rias Sul-Americanas para a Copa do Mundo de 2026, que ser\u00e1 disputada nos Estados Unidos, M\u00e9xico e Canad\u00e1.<\/strong><\/p>\n<p><strong>Com o resultado, a Sele\u00e7\u00e3o caiu para a terceira posi\u00e7\u00e3o das Eliminat\u00f3rias com 7 pontos ganhos. O time do t\u00e9cnico Fernando Diniz foi ultrapassado justamente pelo Uruguai, que pulou para a segunda posi\u00e7\u00e3o com os mesmos 7 pontos do Brasil, por\u00e9m com mais gols marcados. <\/strong><\/p>\n<p><strong>A 4\u00aa rodada das Eliminat\u00f3rias Sul-Americanas encerra com Peru x Argentina, que se enfrentam nesta ter\u00e7a-feira, \u00e0s 23h, no Est\u00e1dio Nacional de Lima.<\/strong><\/p>\n","protected":false},"excerpt":{"rendered":"<p>Em partida realizada na noite desta ter\u00e7a-feira (17), no Centenario, em Montevid\u00e9u, o Brasil foi derrotado pelo Uruguai por 2 a 0, pela 4\u00aa rodada das Eliminat\u00f3rias Sul-Americanas para a Copa do Mundo de 2026, que ser\u00e1 disputada nos Estados Unidos, M\u00e9xico e Canad\u00e1. Com o resultado, a Sele\u00e7\u00e3o caiu para a terceira posi\u00e7\u00e3o das [&hellip;]<\/p>\n","protected":false},"author":2,"featured_media":113345,"comment_status":"closed","ping_status":"open","sticky":false,"template":"","format":"standard","meta":{"footnotes":"","_links_to":"","_links_to_target":""},"categories":[1],"tags":[],"class_list":["post-113344","post","type-post","status-publish","format-standard","has-post-thumbnail","hentry","category-geral"],"views":849,"_links":{"self":[{"href":"https:\/\/www.sudoestehoje.com.br\/novoportal\/wp-json\/wp\/v2\/posts\/113344","targetHints":{"allow":["GET"]}}],"collection":[{"href":"https:\/\/www.sudoestehoje.com.br\/novoportal\/wp-json\/wp\/v2\/posts"}],"about":[{"href":"https:\/\/www.sudoestehoje.com.br\/novoportal\/wp-json\/wp\/v2\/types\/post"}],"author":[{"embeddable":true,"href":"https:\/\/www.sudoestehoje.com.br\/novoportal\/wp-json\/wp\/v2\/users\/2"}],"replies":[{"embeddable":true,"href":"https:\/\/www.sudoestehoje.com.br\/novoportal\/wp-json\/wp\/v2\/comments?post=113344"}],"version-history":[{"count":1,"href":"https:\/\/www.sudoestehoje.com.br\/novoportal\/wp-json\/wp\/v2\/posts\/113344\/revisions"}],"predecessor-version":[{"id":113346,"href":"https:\/\/www.sudoestehoje.com.br\/novoportal\/wp-json\/wp\/v2\/posts\/113344\/revisions\/113346"}],"wp:featuredmedia":[{"embeddable":true,"href":"https:\/\/www.sudoestehoje.com.br\/novoportal\/wp-json\/wp\/v2\/media\/113345"}],"wp:attachment":[{"href":"https:\/\/www.sudoestehoje.com.br\/novoportal\/wp-json\/wp\/v2\/media?parent=113344"}],"wp:term":[{"taxonomy":"category","embeddable":true,"href":"https:\/\/www.sudoestehoje.com.br\/novoportal\/wp-json\/wp\/v2\/categories?post=113344"},{"taxonomy":"post_tag","embeddable":true,"href":"https:\/\/www.sudoestehoje.com.br\/novoportal\/wp-json\/wp\/v2\/tags?post=113344"}],"curies":[{"name":"wp","href":"https:\/\/api.w.org\/{rel}","templated":true}]}}