
{"id":113338,"date":"2023-10-17T08:47:52","date_gmt":"2023-10-17T11:47:52","guid":{"rendered":"https:\/\/www.sudoestehoje.com.br\/novoportal\/?p=113338"},"modified":"2023-10-17T08:47:52","modified_gmt":"2023-10-17T11:47:52","slug":"feriadao-8-pessoas-morreram-e-77-ficaram-feridas-nas-rodovias-federais-da-bahia","status":"publish","type":"post","link":"https:\/\/www.sudoestehoje.com.br\/novoportal\/2023\/10\/17\/feriadao-8-pessoas-morreram-e-77-ficaram-feridas-nas-rodovias-federais-da-bahia\/","title":{"rendered":"FERIAD\u00c3O | 8 PESSOAS MORRERAM E 77 FICARAM FERIDAS NAS RODOVIAS FEDERAIS DA BAHIA"},"content":{"rendered":"<p><img loading=\"lazy\" decoding=\"async\" class=\"alignnone  wp-image-113334\" src=\"https:\/\/www.sudoestehoje.com.br\/novoportal\/wp-content\/uploads\/2023\/10\/prf10-1-600x354.png\" alt=\"\" width=\"549\" height=\"324\" srcset=\"https:\/\/www.sudoestehoje.com.br\/novoportal\/wp-content\/uploads\/2023\/10\/prf10-1-600x354.png 600w, https:\/\/www.sudoestehoje.com.br\/novoportal\/wp-content\/uploads\/2023\/10\/prf10-1.png 653w\" sizes=\"auto, (max-width: 549px) 100vw, 549px\" \/><\/p>\n<p><strong>Duas mulheres morreram na\u00a0segunda-feira (16), v\u00edtimas de acidentes em estradas da Bahia. Em um dos casos, um carro ficou com a frente retorcida e a mulher presa \u00e0s ferragens. No outro, o carro capotou e caiu em uma \u00e1rea de vegeta\u00e7\u00e3o.<\/strong><\/p>\n<p><strong>Um dos acidentes foi uma batida entre dois carros na BA-120, entre as cidades de Concei\u00e7\u00e3o do Coit\u00e9 e Retirol\u00e2ndia, a cerca de 220 km de Salvador. As informa\u00e7\u00f5es s\u00e3o da Brigada \u00c1guia Resgate e foram apuradas pela equipe de produ\u00e7\u00e3o da TV Suba\u00e9, filiada da TV Bahia na regi\u00e3o. Um homem ficou gravemente ferido.<\/strong><\/p>\n<p><strong>Nesse acidente, a mulher que ficou presa \u00e0s ferragens n\u00e3o resistiu aos ferimentos ainda no local da batida. J\u00e1 o motorista do ve\u00edculo no qual a mulher estava, ficou ferido e foi socorrido pelo Servi\u00e7o de Atendimento M\u00f3vel de Urg\u00eancia (Samu) para um hospital em Concei\u00e7\u00e3o do Coit\u00e9. N\u00e3o h\u00e1 detalhes sobre o estado de sa\u00fade dele.<\/strong><\/p>\n<p><strong>O motorista do outro carro n\u00e3o precisou de atendimento m\u00e9dico. Ainda n\u00e3o h\u00e1 detalhes das causas do acidente. O Departamento de Pol\u00edcia T\u00e9cnica (DPT) foi acionado para realizar a remo\u00e7\u00e3o do corpo e per\u00edcia no local.<\/strong><\/p>\n<p><strong>O outro acidente na segunda-feira (16), aconteceu na BR-415, entre os munic\u00edpios de Itabuna e Itap\u00e9, no sul da Bahia.<\/strong><\/p>\n<p><strong>Segundo a Pol\u00edcia Rodovi\u00e1ria Federal (PRF), houve uma batida entre um carro e uma moto. A mulher que morreu era passageira do carro e foi identificada como Jane Maria Pereira, de 53 anos.<\/strong><\/p>\n<p><strong>A PRF informou ainda que outra mulher dirigia o carro e teve ferimentos leves. Ap\u00f3s a batida, o ve\u00edculo acabou capotando em uma \u00e1rea de vegeta\u00e7\u00e3o e ficou com as rodas para cima.<\/strong><\/p>\n<p><strong>J\u00e1 o motorista da moto teve ferimentos graves e foi levado para um hospital. O estado de sa\u00fade dele e o nome da unidade, n\u00e3o foram detalhados.<\/strong><\/p>\n<p><strong>Ainda n\u00e3o h\u00e1 detalhes da causa do acidente. Por causa da batida, o tr\u00e2nsito ficou lento na BR-415.<\/strong><\/p>\n","protected":false},"excerpt":{"rendered":"<p>Duas mulheres morreram na\u00a0segunda-feira (16), v\u00edtimas de acidentes em estradas da Bahia. Em um dos casos, um carro ficou com a frente retorcida e a mulher presa \u00e0s ferragens. No outro, o carro capotou e caiu em uma \u00e1rea de vegeta\u00e7\u00e3o. Um dos acidentes foi uma batida entre dois carros na BA-120, entre as cidades [&hellip;]<\/p>\n","protected":false},"author":2,"featured_media":113334,"comment_status":"closed","ping_status":"open","sticky":false,"template":"","format":"standard","meta":{"footnotes":"","_links_to":"","_links_to_target":""},"categories":[1],"tags":[],"class_list":["post-113338","post","type-post","status-publish","format-standard","has-post-thumbnail","hentry","category-geral"],"views":803,"_links":{"self":[{"href":"https:\/\/www.sudoestehoje.com.br\/novoportal\/wp-json\/wp\/v2\/posts\/113338","targetHints":{"allow":["GET"]}}],"collection":[{"href":"https:\/\/www.sudoestehoje.com.br\/novoportal\/wp-json\/wp\/v2\/posts"}],"about":[{"href":"https:\/\/www.sudoestehoje.com.br\/novoportal\/wp-json\/wp\/v2\/types\/post"}],"author":[{"embeddable":true,"href":"https:\/\/www.sudoestehoje.com.br\/novoportal\/wp-json\/wp\/v2\/users\/2"}],"replies":[{"embeddable":true,"href":"https:\/\/www.sudoestehoje.com.br\/novoportal\/wp-json\/wp\/v2\/comments?post=113338"}],"version-history":[{"count":1,"href":"https:\/\/www.sudoestehoje.com.br\/novoportal\/wp-json\/wp\/v2\/posts\/113338\/revisions"}],"predecessor-version":[{"id":113339,"href":"https:\/\/www.sudoestehoje.com.br\/novoportal\/wp-json\/wp\/v2\/posts\/113338\/revisions\/113339"}],"wp:featuredmedia":[{"embeddable":true,"href":"https:\/\/www.sudoestehoje.com.br\/novoportal\/wp-json\/wp\/v2\/media\/113334"}],"wp:attachment":[{"href":"https:\/\/www.sudoestehoje.com.br\/novoportal\/wp-json\/wp\/v2\/media?parent=113338"}],"wp:term":[{"taxonomy":"category","embeddable":true,"href":"https:\/\/www.sudoestehoje.com.br\/novoportal\/wp-json\/wp\/v2\/categories?post=113338"},{"taxonomy":"post_tag","embeddable":true,"href":"https:\/\/www.sudoestehoje.com.br\/novoportal\/wp-json\/wp\/v2\/tags?post=113338"}],"curies":[{"name":"wp","href":"https:\/\/api.w.org\/{rel}","templated":true}]}}