
{"id":113322,"date":"2023-10-16T10:00:42","date_gmt":"2023-10-16T13:00:42","guid":{"rendered":"https:\/\/www.sudoestehoje.com.br\/novoportal\/?p=113322"},"modified":"2023-10-16T10:00:42","modified_gmt":"2023-10-16T13:00:42","slug":"numero-de-mortos-na-guerra-entre-israel-e-o-grupo-hamas-sobe-para-3-682","status":"publish","type":"post","link":"https:\/\/www.sudoestehoje.com.br\/novoportal\/2023\/10\/16\/numero-de-mortos-na-guerra-entre-israel-e-o-grupo-hamas-sobe-para-3-682\/","title":{"rendered":"N\u00daMERO DE MORTOS NA GUERRA ENTRE ISRAEL E O GRUPO HAMAS SOBE PARA 3.682"},"content":{"rendered":"<p><img loading=\"lazy\" decoding=\"async\" class=\"alignnone  wp-image-113323\" src=\"https:\/\/www.sudoestehoje.com.br\/novoportal\/wp-content\/uploads\/2023\/10\/resgate-palestina-14out2023-848x477-1-600x338.jpg\" alt=\"\" width=\"549\" height=\"309\" srcset=\"https:\/\/www.sudoestehoje.com.br\/novoportal\/wp-content\/uploads\/2023\/10\/resgate-palestina-14out2023-848x477-1-600x338.jpg 600w, https:\/\/www.sudoestehoje.com.br\/novoportal\/wp-content\/uploads\/2023\/10\/resgate-palestina-14out2023-848x477-1-700x394.jpg 700w, https:\/\/www.sudoestehoje.com.br\/novoportal\/wp-content\/uploads\/2023\/10\/resgate-palestina-14out2023-848x477-1-768x432.jpg 768w, https:\/\/www.sudoestehoje.com.br\/novoportal\/wp-content\/uploads\/2023\/10\/resgate-palestina-14out2023-848x477-1.jpg 848w\" sizes=\"auto, (max-width: 549px) 100vw, 549px\" \/><\/p>\n<p><strong>O n\u00famero de v\u00edtimas fatais decorrentes do conflito entre Israel e o grupo paramilitar Hamas, que se iniciou em 7 de outubro, atingiu 3.682 pessoas. De acordo com a Al Jazeera, 2.329 dessas v\u00edtimas s\u00e3o palestinas, enquanto Israel relatou 1.300 mortes no conflito, conforme informa\u00e7\u00f5es da Defesa de Israel.<\/strong><\/p>\n<p><strong>Al\u00e9m disso, o n\u00famero de feridos totaliza pelo menos 13.114 pessoas desde o in\u00edcio do conflito, sendo 3.400 israelenses e aproximadamente 9.714 palestinos em Gaza.<\/strong><\/p>\n<p><strong>O grupo extremista Hamas lan\u00e7ou um ataque sem precedentes contra Israel em 7 de outubro, provocando uma s\u00e9rie de retalia\u00e7\u00f5es das for\u00e7as israelenses, que responderam com bombardeios em alvos na Faixa de Gaza. O primeiro-ministro de Israel, Benjamin Netanyahu, declarou guerra contra o Hamas no dia seguinte, em 8 de outubro.<\/strong><\/p>\n<p><strong>Em 9 de outubro, Israel imp\u00f4s um \u201ccerco completo\u201d \u00e0 Faixa de Gaza, afetando o fornecimento de eletricidade, alimentos, combust\u00edveis e \u00e1gua para a regi\u00e3o. \u00c9 importante destacar que essa medida \u00e9 considerada proibida pelo direito humanit\u00e1rio, de acordo com a Organiza\u00e7\u00e3o das Na\u00e7\u00f5es Unidas (ONU).\u201d<\/strong><\/p>\n","protected":false},"excerpt":{"rendered":"<p>O n\u00famero de v\u00edtimas fatais decorrentes do conflito entre Israel e o grupo paramilitar Hamas, que se iniciou em 7 de outubro, atingiu 3.682 pessoas. De acordo com a Al Jazeera, 2.329 dessas v\u00edtimas s\u00e3o palestinas, enquanto Israel relatou 1.300 mortes no conflito, conforme informa\u00e7\u00f5es da Defesa de Israel. Al\u00e9m disso, o n\u00famero de feridos [&hellip;]<\/p>\n","protected":false},"author":2,"featured_media":113323,"comment_status":"closed","ping_status":"open","sticky":false,"template":"","format":"standard","meta":{"footnotes":"","_links_to":"","_links_to_target":""},"categories":[1],"tags":[],"class_list":["post-113322","post","type-post","status-publish","format-standard","has-post-thumbnail","hentry","category-geral"],"views":752,"_links":{"self":[{"href":"https:\/\/www.sudoestehoje.com.br\/novoportal\/wp-json\/wp\/v2\/posts\/113322","targetHints":{"allow":["GET"]}}],"collection":[{"href":"https:\/\/www.sudoestehoje.com.br\/novoportal\/wp-json\/wp\/v2\/posts"}],"about":[{"href":"https:\/\/www.sudoestehoje.com.br\/novoportal\/wp-json\/wp\/v2\/types\/post"}],"author":[{"embeddable":true,"href":"https:\/\/www.sudoestehoje.com.br\/novoportal\/wp-json\/wp\/v2\/users\/2"}],"replies":[{"embeddable":true,"href":"https:\/\/www.sudoestehoje.com.br\/novoportal\/wp-json\/wp\/v2\/comments?post=113322"}],"version-history":[{"count":1,"href":"https:\/\/www.sudoestehoje.com.br\/novoportal\/wp-json\/wp\/v2\/posts\/113322\/revisions"}],"predecessor-version":[{"id":113324,"href":"https:\/\/www.sudoestehoje.com.br\/novoportal\/wp-json\/wp\/v2\/posts\/113322\/revisions\/113324"}],"wp:featuredmedia":[{"embeddable":true,"href":"https:\/\/www.sudoestehoje.com.br\/novoportal\/wp-json\/wp\/v2\/media\/113323"}],"wp:attachment":[{"href":"https:\/\/www.sudoestehoje.com.br\/novoportal\/wp-json\/wp\/v2\/media?parent=113322"}],"wp:term":[{"taxonomy":"category","embeddable":true,"href":"https:\/\/www.sudoestehoje.com.br\/novoportal\/wp-json\/wp\/v2\/categories?post=113322"},{"taxonomy":"post_tag","embeddable":true,"href":"https:\/\/www.sudoestehoje.com.br\/novoportal\/wp-json\/wp\/v2\/tags?post=113322"}],"curies":[{"name":"wp","href":"https:\/\/api.w.org\/{rel}","templated":true}]}}