
{"id":113318,"date":"2023-10-16T09:53:56","date_gmt":"2023-10-16T12:53:56","guid":{"rendered":"https:\/\/www.sudoestehoje.com.br\/novoportal\/?p=113318"},"modified":"2023-10-16T09:53:56","modified_gmt":"2023-10-16T12:53:56","slug":"avos-pulam-do-4o-andar-de-predio-apos-neta-de-11-anos-tocar-fogo-no-sofa-e-incendiar-apartamento","status":"publish","type":"post","link":"https:\/\/www.sudoestehoje.com.br\/novoportal\/2023\/10\/16\/avos-pulam-do-4o-andar-de-predio-apos-neta-de-11-anos-tocar-fogo-no-sofa-e-incendiar-apartamento\/","title":{"rendered":"AV\u00d3S PULAM DO 4\u00ba ANDAR DE PR\u00c9DIO AP\u00d3S NETA DE 11 ANOS TOCAR FOGO NO SOF\u00c1 E INCENDIAR APARTAMENTO"},"content":{"rendered":"<p><img loading=\"lazy\" decoding=\"async\" class=\"alignnone  wp-image-113320\" src=\"https:\/\/www.sudoestehoje.com.br\/novoportal\/wp-content\/uploads\/2023\/10\/1_whatsapp_image_2023_10_15_at_09_37_21-30827369-600x375.webp\" alt=\"\" width=\"550\" height=\"344\" srcset=\"https:\/\/www.sudoestehoje.com.br\/novoportal\/wp-content\/uploads\/2023\/10\/1_whatsapp_image_2023_10_15_at_09_37_21-30827369-600x375.webp 600w, https:\/\/www.sudoestehoje.com.br\/novoportal\/wp-content\/uploads\/2023\/10\/1_whatsapp_image_2023_10_15_at_09_37_21-30827369-700x438.webp 700w, https:\/\/www.sudoestehoje.com.br\/novoportal\/wp-content\/uploads\/2023\/10\/1_whatsapp_image_2023_10_15_at_09_37_21-30827369-768x480.webp 768w, https:\/\/www.sudoestehoje.com.br\/novoportal\/wp-content\/uploads\/2023\/10\/1_whatsapp_image_2023_10_15_at_09_37_21-30827369.webp 1200w\" sizes=\"auto, (max-width: 550px) 100vw, 550px\" \/><\/p>\n<p><strong>Dois moradores de um apartamento no 4\u00ba andar em condom\u00ednio no Bairro Ipanema, Patos de Minas (MG), conseguiram escapar de um inc\u00eandio ao pular pela janela.<\/strong><\/p>\n<p><strong>De acordo com informa\u00e7\u00f5es da Pol\u00edcia Militar (PM), o apartamento era ocupado por um casal e sua neta de 11 anos. Durante o dia, a crian\u00e7a teria discutido com seus av\u00f3s e posteriormente ateou fogo em um sof\u00e1.<\/strong><\/p>\n<p><strong>A menina conseguiu sair do apartamento e descer pelas escadas, enquanto as chamas se espalhavam rapidamente. O casal, que estava no quarto, foi for\u00e7ado a pular pela janela.<\/strong><\/p>\n<p><strong>Felizmente, as quedas foram amortecidas por colch\u00f5es posicionados por vizinhos sob a janela do apartamento. As imagens que circularam nas redes sociais tamb\u00e9m mostram a assist\u00eancia de um policial militar aos moradores. As equipes do Corpo de Bombeiros e do Servi\u00e7o de Atendimento M\u00f3vel de Urg\u00eancia (Samu) foram acionadas e responderam prontamente.<\/strong><\/p>\n<p><strong>A av\u00f3 da menina foi encaminhada ao Hospital Regional Ant\u00f4nio Dias (HRAD) com dores nas pernas e no peito, pois teria inalado fuma\u00e7a. Ela permanece em observa\u00e7\u00e3o. Por outro lado, o homem que pulou da janela n\u00e3o necessitou de atendimento hospitalar. A Pol\u00edcia Civil e a Defesa Civil tamb\u00e9m foram acionadas para investigar o incidente.\u201d<\/strong><\/p>\n","protected":false},"excerpt":{"rendered":"<p>Dois moradores de um apartamento no 4\u00ba andar em condom\u00ednio no Bairro Ipanema, Patos de Minas (MG), conseguiram escapar de um inc\u00eandio ao pular pela janela. De acordo com informa\u00e7\u00f5es da Pol\u00edcia Militar (PM), o apartamento era ocupado por um casal e sua neta de 11 anos. Durante o dia, a crian\u00e7a teria discutido com [&hellip;]<\/p>\n","protected":false},"author":2,"featured_media":113320,"comment_status":"closed","ping_status":"open","sticky":false,"template":"","format":"standard","meta":{"footnotes":"","_links_to":"","_links_to_target":""},"categories":[1],"tags":[],"class_list":["post-113318","post","type-post","status-publish","format-standard","has-post-thumbnail","hentry","category-geral"],"views":742,"_links":{"self":[{"href":"https:\/\/www.sudoestehoje.com.br\/novoportal\/wp-json\/wp\/v2\/posts\/113318","targetHints":{"allow":["GET"]}}],"collection":[{"href":"https:\/\/www.sudoestehoje.com.br\/novoportal\/wp-json\/wp\/v2\/posts"}],"about":[{"href":"https:\/\/www.sudoestehoje.com.br\/novoportal\/wp-json\/wp\/v2\/types\/post"}],"author":[{"embeddable":true,"href":"https:\/\/www.sudoestehoje.com.br\/novoportal\/wp-json\/wp\/v2\/users\/2"}],"replies":[{"embeddable":true,"href":"https:\/\/www.sudoestehoje.com.br\/novoportal\/wp-json\/wp\/v2\/comments?post=113318"}],"version-history":[{"count":2,"href":"https:\/\/www.sudoestehoje.com.br\/novoportal\/wp-json\/wp\/v2\/posts\/113318\/revisions"}],"predecessor-version":[{"id":113321,"href":"https:\/\/www.sudoestehoje.com.br\/novoportal\/wp-json\/wp\/v2\/posts\/113318\/revisions\/113321"}],"wp:featuredmedia":[{"embeddable":true,"href":"https:\/\/www.sudoestehoje.com.br\/novoportal\/wp-json\/wp\/v2\/media\/113320"}],"wp:attachment":[{"href":"https:\/\/www.sudoestehoje.com.br\/novoportal\/wp-json\/wp\/v2\/media?parent=113318"}],"wp:term":[{"taxonomy":"category","embeddable":true,"href":"https:\/\/www.sudoestehoje.com.br\/novoportal\/wp-json\/wp\/v2\/categories?post=113318"},{"taxonomy":"post_tag","embeddable":true,"href":"https:\/\/www.sudoestehoje.com.br\/novoportal\/wp-json\/wp\/v2\/tags?post=113318"}],"curies":[{"name":"wp","href":"https:\/\/api.w.org\/{rel}","templated":true}]}}