
{"id":113315,"date":"2023-10-16T09:43:32","date_gmt":"2023-10-16T12:43:32","guid":{"rendered":"https:\/\/www.sudoestehoje.com.br\/novoportal\/?p=113315"},"modified":"2023-10-16T09:43:32","modified_gmt":"2023-10-16T12:43:32","slug":"guanambi-nilo-coelho-pode-ser-afastado-do-cargo-de-prefeito-por-suposta-incapacidade-civil","status":"publish","type":"post","link":"https:\/\/www.sudoestehoje.com.br\/novoportal\/2023\/10\/16\/guanambi-nilo-coelho-pode-ser-afastado-do-cargo-de-prefeito-por-suposta-incapacidade-civil\/","title":{"rendered":"GUANAMBI | NILO COELHO PODE SER AFASTADO DO CARGO DE PREFEITO POR SUPOSTA &#8216;INCAPACIDADE CIVIL&#8217;"},"content":{"rendered":"<p><img loading=\"lazy\" decoding=\"async\" class=\"alignnone  wp-image-113316\" src=\"https:\/\/www.sudoestehoje.com.br\/novoportal\/wp-content\/uploads\/2023\/10\/IMAGEM_NOTICIA_9-600x315.webp\" alt=\"\" width=\"550\" height=\"289\" srcset=\"https:\/\/www.sudoestehoje.com.br\/novoportal\/wp-content\/uploads\/2023\/10\/IMAGEM_NOTICIA_9-600x315.webp 600w, https:\/\/www.sudoestehoje.com.br\/novoportal\/wp-content\/uploads\/2023\/10\/IMAGEM_NOTICIA_9-700x368.webp 700w, https:\/\/www.sudoestehoje.com.br\/novoportal\/wp-content\/uploads\/2023\/10\/IMAGEM_NOTICIA_9-768x403.webp 768w, https:\/\/www.sudoestehoje.com.br\/novoportal\/wp-content\/uploads\/2023\/10\/IMAGEM_NOTICIA_9.webp 1200w\" sizes=\"auto, (max-width: 550px) 100vw, 550px\" \/><\/p>\n<p><strong>O prefeito de\u00a0<a href=\"https:\/\/www.bahianoticias.com.br\/tags\/guanambi\" target=\"_blank\" rel=\"noopener\">Guanambi<\/a>, no Sert\u00e3o Produtivo, Sudoeste baiano, Nilo Coelho (Uni\u00e3o) deve ser acionado na Justi\u00e7a, com pedido de afastamento do cargo. Segundo o\u00a0Bahia Not\u00edcias, a acusa\u00e7\u00e3o \u00e9 por uma \u201csuposta incapacidade civil\u201d.<\/strong><\/p>\n<p><strong>Por conta do caso, a a\u00e7\u00e3o deve ser protocoladas ainda nesta segunda-feira (16) na Vara C\u00edvel de Guanambi e no Minist\u00e9rio P\u00fablico Federal (MPF). A suspeita \u00e9 que o gestor e ex-governador da Bahia, que tem atualmente 80 anos, estaria sem condi\u00e7\u00f5es de exercer o cargo, o que refletiria em m\u00e1 administra\u00e7\u00e3o e atitudes equivocadas.<\/strong><\/p>\n<p><strong>Em um trecho do documento, fala-se em \u201cevidente estado de sa\u00fade debilitado\u201d, \u201cconfus\u00e3o mental\u201d e at\u00e9 uso do gestor \u201ccomo fantoche\u201d, o que causaria a nulidade dos atos praticados pelo mesmo. Nilo Coelho foi governador da Bahia entre 1989 e 1991.\u00a0<\/strong><\/p>\n<p><strong>Ainda segundo uma das a\u00e7\u00f5es, \u201ca popula\u00e7\u00e3o reconhece a ampla biografia do gestor, que foi governador, deputado e prefeito por quatro oportunidades, mas que a mesma popula\u00e7\u00e3o n\u00e3o pode ficar ref\u00e9m de sua biografia e desta situa\u00e7\u00e3o\u201d, diz trecho da a\u00e7\u00e3o.<\/strong><\/p>\n","protected":false},"excerpt":{"rendered":"<p>O prefeito de\u00a0Guanambi, no Sert\u00e3o Produtivo, Sudoeste baiano, Nilo Coelho (Uni\u00e3o) deve ser acionado na Justi\u00e7a, com pedido de afastamento do cargo. Segundo o\u00a0Bahia Not\u00edcias, a acusa\u00e7\u00e3o \u00e9 por uma \u201csuposta incapacidade civil\u201d. Por conta do caso, a a\u00e7\u00e3o deve ser protocoladas ainda nesta segunda-feira (16) na Vara C\u00edvel de Guanambi e no Minist\u00e9rio P\u00fablico [&hellip;]<\/p>\n","protected":false},"author":2,"featured_media":113316,"comment_status":"closed","ping_status":"open","sticky":false,"template":"","format":"standard","meta":{"footnotes":"","_links_to":"","_links_to_target":""},"categories":[1],"tags":[],"class_list":["post-113315","post","type-post","status-publish","format-standard","has-post-thumbnail","hentry","category-geral"],"views":1203,"_links":{"self":[{"href":"https:\/\/www.sudoestehoje.com.br\/novoportal\/wp-json\/wp\/v2\/posts\/113315","targetHints":{"allow":["GET"]}}],"collection":[{"href":"https:\/\/www.sudoestehoje.com.br\/novoportal\/wp-json\/wp\/v2\/posts"}],"about":[{"href":"https:\/\/www.sudoestehoje.com.br\/novoportal\/wp-json\/wp\/v2\/types\/post"}],"author":[{"embeddable":true,"href":"https:\/\/www.sudoestehoje.com.br\/novoportal\/wp-json\/wp\/v2\/users\/2"}],"replies":[{"embeddable":true,"href":"https:\/\/www.sudoestehoje.com.br\/novoportal\/wp-json\/wp\/v2\/comments?post=113315"}],"version-history":[{"count":1,"href":"https:\/\/www.sudoestehoje.com.br\/novoportal\/wp-json\/wp\/v2\/posts\/113315\/revisions"}],"predecessor-version":[{"id":113317,"href":"https:\/\/www.sudoestehoje.com.br\/novoportal\/wp-json\/wp\/v2\/posts\/113315\/revisions\/113317"}],"wp:featuredmedia":[{"embeddable":true,"href":"https:\/\/www.sudoestehoje.com.br\/novoportal\/wp-json\/wp\/v2\/media\/113316"}],"wp:attachment":[{"href":"https:\/\/www.sudoestehoje.com.br\/novoportal\/wp-json\/wp\/v2\/media?parent=113315"}],"wp:term":[{"taxonomy":"category","embeddable":true,"href":"https:\/\/www.sudoestehoje.com.br\/novoportal\/wp-json\/wp\/v2\/categories?post=113315"},{"taxonomy":"post_tag","embeddable":true,"href":"https:\/\/www.sudoestehoje.com.br\/novoportal\/wp-json\/wp\/v2\/tags?post=113315"}],"curies":[{"name":"wp","href":"https:\/\/api.w.org\/{rel}","templated":true}]}}