
{"id":113280,"date":"2023-10-12T09:03:48","date_gmt":"2023-10-12T12:03:48","guid":{"rendered":"https:\/\/www.sudoestehoje.com.br\/novoportal\/?p=113280"},"modified":"2023-10-12T09:17:28","modified_gmt":"2023-10-12T12:17:28","slug":"acidente-entre-itapeinga-e-itororo-deixa-dois-mortos-na-manha-desta-quinta","status":"publish","type":"post","link":"https:\/\/www.sudoestehoje.com.br\/novoportal\/2023\/10\/12\/acidente-entre-itapeinga-e-itororo-deixa-dois-mortos-na-manha-desta-quinta\/","title":{"rendered":"ACIDENTE ENTRE ITAPETINGA E ITOROR\u00d3 DEIXA DOIS MORTOS NA MANH\u00c3 DESTA QUINTA"},"content":{"rendered":"<p><img loading=\"lazy\" decoding=\"async\" class=\"alignnone wp-image-113281\" src=\"https:\/\/www.sudoestehoje.com.br\/novoportal\/wp-content\/uploads\/2023\/10\/IMG-20231012-WA0013_DyucA1tM5o-600x528.jpeg\" alt=\"\" width=\"550\" height=\"484\" srcset=\"https:\/\/www.sudoestehoje.com.br\/novoportal\/wp-content\/uploads\/2023\/10\/IMG-20231012-WA0013_DyucA1tM5o-600x528.jpeg 600w, https:\/\/www.sudoestehoje.com.br\/novoportal\/wp-content\/uploads\/2023\/10\/IMG-20231012-WA0013_DyucA1tM5o-700x615.jpeg 700w, https:\/\/www.sudoestehoje.com.br\/novoportal\/wp-content\/uploads\/2023\/10\/IMG-20231012-WA0013_DyucA1tM5o-768x675.jpeg 768w, https:\/\/www.sudoestehoje.com.br\/novoportal\/wp-content\/uploads\/2023\/10\/IMG-20231012-WA0013_DyucA1tM5o.jpeg 1200w\" sizes=\"auto, (max-width: 550px) 100vw, 550px\" \/><\/p>\n<p><strong>Um grave acidente ocorrido na manh\u00e3 desta quinta-feira, 12, feriado de Nossa Senhora Aparecida, deixou 2 pessoas mortas na BA 263, entre os munic\u00edpios de Itoror\u00f3 e Itapetinga.<\/strong><\/p>\n<p><strong>A colis\u00e3o entre uma carreta e um ve\u00edculo Chevrolet Onix , branco e placa policial PZG 1B15 da cidade de Taiobeiras em Minas Gerais, provocou o grav\u00edssimo acidente.<\/strong><\/p>\n<p><img loading=\"lazy\" decoding=\"async\" class=\"alignnone wp-image-113282\" src=\"https:\/\/www.sudoestehoje.com.br\/novoportal\/wp-content\/uploads\/2023\/10\/IMG-20231012-WA0012_Q6izLiZ226-540x720-1.jpeg\" alt=\"\" width=\"550\" height=\"378\" \/><\/p>\n<h3><strong><span style=\"font-size: 12.0pt; font-family: 'Arial',sans-serif;\">A rodovia est\u00e1 bastante movimentada, em decorr\u00eancia da busca pelas praias de Ilh\u00e9us, Porto Seguro e Itacar\u00e9, no litoral sul da Bahia, por turistas de v\u00e1rias regi\u00f5es da Bahia, Minas, Goi\u00e1s e Distrito Federal, neste feriad\u00e3o.<\/span><\/strong><\/h3>\n<h3><strong><span style=\"font-size: 12.0pt; font-family: 'Arial',sans-serif;\">SAMU, Bombeiros e a pol\u00edcia est\u00e3o no local. \/\/Informa\u00e7\u00f5es do\u00a0Itoror\u00f3 J\u00e1<\/span><\/strong><\/h3>\n","protected":false},"excerpt":{"rendered":"<p>Um grave acidente ocorrido na manh\u00e3 desta quinta-feira, 12, feriado de Nossa Senhora Aparecida, deixou 2 pessoas mortas na BA 263, entre os munic\u00edpios de Itoror\u00f3 e Itapetinga. A colis\u00e3o entre uma carreta e um ve\u00edculo Chevrolet Onix , branco e placa policial PZG 1B15 da cidade de Taiobeiras em Minas Gerais, provocou o grav\u00edssimo [&hellip;]<\/p>\n","protected":false},"author":2,"featured_media":113281,"comment_status":"closed","ping_status":"open","sticky":false,"template":"","format":"standard","meta":{"footnotes":"","_links_to":"","_links_to_target":""},"categories":[1],"tags":[],"class_list":["post-113280","post","type-post","status-publish","format-standard","has-post-thumbnail","hentry","category-geral"],"views":2785,"_links":{"self":[{"href":"https:\/\/www.sudoestehoje.com.br\/novoportal\/wp-json\/wp\/v2\/posts\/113280","targetHints":{"allow":["GET"]}}],"collection":[{"href":"https:\/\/www.sudoestehoje.com.br\/novoportal\/wp-json\/wp\/v2\/posts"}],"about":[{"href":"https:\/\/www.sudoestehoje.com.br\/novoportal\/wp-json\/wp\/v2\/types\/post"}],"author":[{"embeddable":true,"href":"https:\/\/www.sudoestehoje.com.br\/novoportal\/wp-json\/wp\/v2\/users\/2"}],"replies":[{"embeddable":true,"href":"https:\/\/www.sudoestehoje.com.br\/novoportal\/wp-json\/wp\/v2\/comments?post=113280"}],"version-history":[{"count":6,"href":"https:\/\/www.sudoestehoje.com.br\/novoportal\/wp-json\/wp\/v2\/posts\/113280\/revisions"}],"predecessor-version":[{"id":113288,"href":"https:\/\/www.sudoestehoje.com.br\/novoportal\/wp-json\/wp\/v2\/posts\/113280\/revisions\/113288"}],"wp:featuredmedia":[{"embeddable":true,"href":"https:\/\/www.sudoestehoje.com.br\/novoportal\/wp-json\/wp\/v2\/media\/113281"}],"wp:attachment":[{"href":"https:\/\/www.sudoestehoje.com.br\/novoportal\/wp-json\/wp\/v2\/media?parent=113280"}],"wp:term":[{"taxonomy":"category","embeddable":true,"href":"https:\/\/www.sudoestehoje.com.br\/novoportal\/wp-json\/wp\/v2\/categories?post=113280"},{"taxonomy":"post_tag","embeddable":true,"href":"https:\/\/www.sudoestehoje.com.br\/novoportal\/wp-json\/wp\/v2\/tags?post=113280"}],"curies":[{"name":"wp","href":"https:\/\/api.w.org\/{rel}","templated":true}]}}