
{"id":113275,"date":"2023-10-11T10:16:24","date_gmt":"2023-10-11T13:16:24","guid":{"rendered":"https:\/\/www.sudoestehoje.com.br\/novoportal\/?p=113275"},"modified":"2023-10-11T10:16:24","modified_gmt":"2023-10-11T13:16:24","slug":"primeiro-voo-da-fab-com-brasileiros-repatriados-de-israel-chegou-nesta-madrugada","status":"publish","type":"post","link":"https:\/\/www.sudoestehoje.com.br\/novoportal\/2023\/10\/11\/primeiro-voo-da-fab-com-brasileiros-repatriados-de-israel-chegou-nesta-madrugada\/","title":{"rendered":"PRIMEIRO VOO DA FAB COM BRASILEIROS REPATRIADOS DE ISRAEL CHEGOU NESTA MADRUGADA"},"content":{"rendered":"<p><img loading=\"lazy\" decoding=\"async\" class=\"alignnone  wp-image-113278\" src=\"https:\/\/www.sudoestehoje.com.br\/novoportal\/wp-content\/uploads\/2023\/10\/IMAGEM_NOTICIA_9-7-1-600x315.jpeg\" alt=\"\" width=\"550\" height=\"289\" srcset=\"https:\/\/www.sudoestehoje.com.br\/novoportal\/wp-content\/uploads\/2023\/10\/IMAGEM_NOTICIA_9-7-1-600x315.jpeg 600w, https:\/\/www.sudoestehoje.com.br\/novoportal\/wp-content\/uploads\/2023\/10\/IMAGEM_NOTICIA_9-7-1-700x368.jpeg 700w, https:\/\/www.sudoestehoje.com.br\/novoportal\/wp-content\/uploads\/2023\/10\/IMAGEM_NOTICIA_9-7-1-768x403.jpeg 768w, https:\/\/www.sudoestehoje.com.br\/novoportal\/wp-content\/uploads\/2023\/10\/IMAGEM_NOTICIA_9-7-1.jpeg 1080w\" sizes=\"auto, (max-width: 550px) 100vw, 550px\" \/><\/p>\n<p><strong>Depois de quase 14 horas de voo desde o aeroporto internacional de Tel Aviv, pousou em Bras\u00edlia, o primeiro avi\u00e3o da FAB com brasileiros repatriados de Israel, \u00e0s 4h07 da madrugada, nesta quarta-feira (11). O KC-30 da For\u00e7a A\u00e9rea Brasileira trouxe neste primeiro voo um total de 211 pessoas que expressaram desejo de voltar ao Brasil para escapar da guerra entre Israel e o grupo extremista Hamas.<\/strong><\/p>\n<p><strong>Este \u00e9 o primeiro de v\u00e1rios voos que ser\u00e3o executados nesta semana para trazer ao Brasil cerca de mil pessoas que estavam em Israel quando o confronto come\u00e7ou, e que ficaram sem condi\u00e7\u00f5es de retornar. Esta \u00e9 a maior opera\u00e7\u00e3o de repatria\u00e7\u00e3o de brasileiros na hist\u00f3ria, segundo o tenente-brigadeiro Marcelo Damasceno.<\/strong><\/p>\n<p><strong>A ministra substituta de Rela\u00e7\u00f5es Exteriores, embaixadora Maria Laura da Rocha, e o ministro da Defesa, Jos\u00e9 M\u00facio, al\u00e9m do comandante da Aeron\u00e1utica, recepcionaram os 211 brasileiros que estavam no primeiro voo da FAB. Do total, 107 passageiros desembarcaram em Bras\u00edlia e 104 foram para o Rio de Janeiro em outros dois avi\u00f5es da FAB.<\/strong><\/p>\n","protected":false},"excerpt":{"rendered":"<p>Depois de quase 14 horas de voo desde o aeroporto internacional de Tel Aviv, pousou em Bras\u00edlia, o primeiro avi\u00e3o da FAB com brasileiros repatriados de Israel, \u00e0s 4h07 da madrugada, nesta quarta-feira (11). O KC-30 da For\u00e7a A\u00e9rea Brasileira trouxe neste primeiro voo um total de 211 pessoas que expressaram desejo de voltar ao [&hellip;]<\/p>\n","protected":false},"author":2,"featured_media":113278,"comment_status":"closed","ping_status":"open","sticky":false,"template":"","format":"standard","meta":{"footnotes":"","_links_to":"","_links_to_target":""},"categories":[1],"tags":[],"class_list":["post-113275","post","type-post","status-publish","format-standard","has-post-thumbnail","hentry","category-geral"],"views":715,"_links":{"self":[{"href":"https:\/\/www.sudoestehoje.com.br\/novoportal\/wp-json\/wp\/v2\/posts\/113275","targetHints":{"allow":["GET"]}}],"collection":[{"href":"https:\/\/www.sudoestehoje.com.br\/novoportal\/wp-json\/wp\/v2\/posts"}],"about":[{"href":"https:\/\/www.sudoestehoje.com.br\/novoportal\/wp-json\/wp\/v2\/types\/post"}],"author":[{"embeddable":true,"href":"https:\/\/www.sudoestehoje.com.br\/novoportal\/wp-json\/wp\/v2\/users\/2"}],"replies":[{"embeddable":true,"href":"https:\/\/www.sudoestehoje.com.br\/novoportal\/wp-json\/wp\/v2\/comments?post=113275"}],"version-history":[{"count":2,"href":"https:\/\/www.sudoestehoje.com.br\/novoportal\/wp-json\/wp\/v2\/posts\/113275\/revisions"}],"predecessor-version":[{"id":113279,"href":"https:\/\/www.sudoestehoje.com.br\/novoportal\/wp-json\/wp\/v2\/posts\/113275\/revisions\/113279"}],"wp:featuredmedia":[{"embeddable":true,"href":"https:\/\/www.sudoestehoje.com.br\/novoportal\/wp-json\/wp\/v2\/media\/113278"}],"wp:attachment":[{"href":"https:\/\/www.sudoestehoje.com.br\/novoportal\/wp-json\/wp\/v2\/media?parent=113275"}],"wp:term":[{"taxonomy":"category","embeddable":true,"href":"https:\/\/www.sudoestehoje.com.br\/novoportal\/wp-json\/wp\/v2\/categories?post=113275"},{"taxonomy":"post_tag","embeddable":true,"href":"https:\/\/www.sudoestehoje.com.br\/novoportal\/wp-json\/wp\/v2\/tags?post=113275"}],"curies":[{"name":"wp","href":"https:\/\/api.w.org\/{rel}","templated":true}]}}