
{"id":113271,"date":"2023-10-11T10:08:51","date_gmt":"2023-10-11T13:08:51","guid":{"rendered":"https:\/\/www.sudoestehoje.com.br\/novoportal\/?p=113271"},"modified":"2023-10-11T10:08:51","modified_gmt":"2023-10-11T13:08:51","slug":"futebol-tite-afirma-que-seu-objetivo-e-classificar-o-flamengo-para-a-libertadores","status":"publish","type":"post","link":"https:\/\/www.sudoestehoje.com.br\/novoportal\/2023\/10\/11\/futebol-tite-afirma-que-seu-objetivo-e-classificar-o-flamengo-para-a-libertadores\/","title":{"rendered":"FUTEBOL | TITE AFIRMA QUE SEU OBJETIVO \u00c9 CLASSIFICAR O FLAMENGO PARA A LIBERTADORES"},"content":{"rendered":"<p><img loading=\"lazy\" decoding=\"async\" class=\"alignnone  wp-image-113273\" src=\"https:\/\/www.sudoestehoje.com.br\/novoportal\/wp-content\/uploads\/2023\/10\/tite-3-1.jpg\" alt=\"\" width=\"551\" height=\"346\" \/><\/p>\n<p><strong>Tite, anunciado como novo treinador do Flamengo, foi apresentado aos jogadores e j\u00e1 come\u00e7ou as atividades na equipe carioca no CT Ninho do Urubu. Com um contrato assinado at\u00e9 o fim de 2024 com o Rubro-Negro, o ga\u00facho de 62 anos j\u00e1 tem o objetivo de classificar o time para a Ta\u00e7a Libertadores. Ele revelou estar com saudade da rotina de treinamentos e das atividades relacionadas ao futebol.<\/strong><\/p>\n<p><strong>\u201cSaudade, sim, o campo \u00e9 fascinante. A oportunidade profissional do Flamengo \u00e9 enorme, a responsabilidade \u00e9 da mesma forma. Tenho consci\u00eancia disso. Posso prometer que o Adenor, enquanto pessoa e car\u00e1ter, ele vai estar na sua plenitude. Tomara que o Tite tenha compet\u00eancia para ajudar na busca da classifica\u00e7\u00e3o (Libertadores), que \u00e9 o objetivo inicial. E tem ainda um sonho, que pode ser matem\u00e1tico de t\u00edtulo, e ele tem um perigo tamb\u00e9m de n\u00e3o classificar. Esse \u00e9 o nosso real. Objetivo \u00e9 de classifica\u00e7\u00e3o direta pela grandeza do Flamengo\u201d, declarou o treinador.<\/strong><\/p>\n<p><strong>Tite j\u00e1 trabalhou na Sele\u00e7\u00e3o Brasileira com jogadores como Santos, Gabigol, Everton Ribeiro e Bruno Henrique. Ele negou ter tido uma conversa com esses jogadores para agilizar sua chegada ao Flamengo e espera que o trabalho seja o mais produtivo poss\u00edvel.<\/strong><\/p>\n","protected":false},"excerpt":{"rendered":"<p>Tite, anunciado como novo treinador do Flamengo, foi apresentado aos jogadores e j\u00e1 come\u00e7ou as atividades na equipe carioca no CT Ninho do Urubu. Com um contrato assinado at\u00e9 o fim de 2024 com o Rubro-Negro, o ga\u00facho de 62 anos j\u00e1 tem o objetivo de classificar o time para a Ta\u00e7a Libertadores. Ele revelou [&hellip;]<\/p>\n","protected":false},"author":2,"featured_media":113273,"comment_status":"closed","ping_status":"open","sticky":false,"template":"","format":"standard","meta":{"footnotes":"","_links_to":"","_links_to_target":""},"categories":[1],"tags":[],"class_list":["post-113271","post","type-post","status-publish","format-standard","has-post-thumbnail","hentry","category-geral"],"views":744,"_links":{"self":[{"href":"https:\/\/www.sudoestehoje.com.br\/novoportal\/wp-json\/wp\/v2\/posts\/113271","targetHints":{"allow":["GET"]}}],"collection":[{"href":"https:\/\/www.sudoestehoje.com.br\/novoportal\/wp-json\/wp\/v2\/posts"}],"about":[{"href":"https:\/\/www.sudoestehoje.com.br\/novoportal\/wp-json\/wp\/v2\/types\/post"}],"author":[{"embeddable":true,"href":"https:\/\/www.sudoestehoje.com.br\/novoportal\/wp-json\/wp\/v2\/users\/2"}],"replies":[{"embeddable":true,"href":"https:\/\/www.sudoestehoje.com.br\/novoportal\/wp-json\/wp\/v2\/comments?post=113271"}],"version-history":[{"count":1,"href":"https:\/\/www.sudoestehoje.com.br\/novoportal\/wp-json\/wp\/v2\/posts\/113271\/revisions"}],"predecessor-version":[{"id":113274,"href":"https:\/\/www.sudoestehoje.com.br\/novoportal\/wp-json\/wp\/v2\/posts\/113271\/revisions\/113274"}],"wp:featuredmedia":[{"embeddable":true,"href":"https:\/\/www.sudoestehoje.com.br\/novoportal\/wp-json\/wp\/v2\/media\/113273"}],"wp:attachment":[{"href":"https:\/\/www.sudoestehoje.com.br\/novoportal\/wp-json\/wp\/v2\/media?parent=113271"}],"wp:term":[{"taxonomy":"category","embeddable":true,"href":"https:\/\/www.sudoestehoje.com.br\/novoportal\/wp-json\/wp\/v2\/categories?post=113271"},{"taxonomy":"post_tag","embeddable":true,"href":"https:\/\/www.sudoestehoje.com.br\/novoportal\/wp-json\/wp\/v2\/tags?post=113271"}],"curies":[{"name":"wp","href":"https:\/\/api.w.org\/{rel}","templated":true}]}}