
{"id":113267,"date":"2023-10-11T09:49:46","date_gmt":"2023-10-11T12:49:46","guid":{"rendered":"https:\/\/www.sudoestehoje.com.br\/novoportal\/?p=113267"},"modified":"2023-10-11T09:49:46","modified_gmt":"2023-10-11T12:49:46","slug":"gas-de-cozinha-tem-2o-aumento-em-outubro","status":"publish","type":"post","link":"https:\/\/www.sudoestehoje.com.br\/novoportal\/2023\/10\/11\/gas-de-cozinha-tem-2o-aumento-em-outubro\/","title":{"rendered":"G\u00c1S DE COZINHA TEM 2\u00ba AUMENTO EM OUTUBRO"},"content":{"rendered":"<p><img loading=\"lazy\" decoding=\"async\" class=\"alignnone  wp-image-113269\" src=\"https:\/\/www.sudoestehoje.com.br\/novoportal\/wp-content\/uploads\/2023\/10\/Botijao-de-gas-600x338.jpg\" alt=\"\" width=\"551\" height=\"310\" srcset=\"https:\/\/www.sudoestehoje.com.br\/novoportal\/wp-content\/uploads\/2023\/10\/Botijao-de-gas-600x338.jpg 600w, https:\/\/www.sudoestehoje.com.br\/novoportal\/wp-content\/uploads\/2023\/10\/Botijao-de-gas-700x394.jpg 700w, https:\/\/www.sudoestehoje.com.br\/novoportal\/wp-content\/uploads\/2023\/10\/Botijao-de-gas-768x432.jpg 768w, https:\/\/www.sudoestehoje.com.br\/novoportal\/wp-content\/uploads\/2023\/10\/Botijao-de-gas.jpg 1200w\" sizes=\"auto, (max-width: 551px) 100vw, 551px\" \/><\/p>\n<p><strong>De acordo com Acelen, que administra a Refinaria Mataripe, o valor do g\u00e1s de cozinha teve um aumento de 3,5%, o segundo reajuste na Bahia no m\u00eas de outubro. O aumento acumulado nos \u00faltimos 30 dias, somada a de 6,5% que encareceu em at\u00e9 R$ 7 o botij\u00e3o de g\u00e1s para o consumidor final, \u00e9 de 11% no estado.<\/strong><\/p>\n<p><strong>O botij\u00e3o de 13 kg vai ficar R$ 2 mais caro, e o Sindicato dos Revendedores de G\u00e1s do Estado da Bahia (Sindrevgas), e a estimativa \u00e9 que o pre\u00e7o final do produto deva ficar em R$ 130 em Salvador e Regi\u00e3o Metropolitana.<\/strong><\/p>\n<p><strong>Em nota, a Acelen declarou que os pre\u00e7os conduzem crit\u00e9rios de mercado que levam em considera\u00e7\u00e3o vari\u00e1veis como custo do petr\u00f3leo, que \u00e9 obtido a pre\u00e7os internacionais, a avalia\u00e7\u00e3o do d\u00f3lar e o frete, podendo variar para cima ou para baixo.<\/strong><\/p>\n","protected":false},"excerpt":{"rendered":"<p>De acordo com Acelen, que administra a Refinaria Mataripe, o valor do g\u00e1s de cozinha teve um aumento de 3,5%, o segundo reajuste na Bahia no m\u00eas de outubro. O aumento acumulado nos \u00faltimos 30 dias, somada a de 6,5% que encareceu em at\u00e9 R$ 7 o botij\u00e3o de g\u00e1s para o consumidor final, \u00e9 [&hellip;]<\/p>\n","protected":false},"author":2,"featured_media":113269,"comment_status":"closed","ping_status":"open","sticky":false,"template":"","format":"standard","meta":{"footnotes":"","_links_to":"","_links_to_target":""},"categories":[1],"tags":[],"class_list":["post-113267","post","type-post","status-publish","format-standard","has-post-thumbnail","hentry","category-geral"],"views":624,"_links":{"self":[{"href":"https:\/\/www.sudoestehoje.com.br\/novoportal\/wp-json\/wp\/v2\/posts\/113267","targetHints":{"allow":["GET"]}}],"collection":[{"href":"https:\/\/www.sudoestehoje.com.br\/novoportal\/wp-json\/wp\/v2\/posts"}],"about":[{"href":"https:\/\/www.sudoestehoje.com.br\/novoportal\/wp-json\/wp\/v2\/types\/post"}],"author":[{"embeddable":true,"href":"https:\/\/www.sudoestehoje.com.br\/novoportal\/wp-json\/wp\/v2\/users\/2"}],"replies":[{"embeddable":true,"href":"https:\/\/www.sudoestehoje.com.br\/novoportal\/wp-json\/wp\/v2\/comments?post=113267"}],"version-history":[{"count":2,"href":"https:\/\/www.sudoestehoje.com.br\/novoportal\/wp-json\/wp\/v2\/posts\/113267\/revisions"}],"predecessor-version":[{"id":113270,"href":"https:\/\/www.sudoestehoje.com.br\/novoportal\/wp-json\/wp\/v2\/posts\/113267\/revisions\/113270"}],"wp:featuredmedia":[{"embeddable":true,"href":"https:\/\/www.sudoestehoje.com.br\/novoportal\/wp-json\/wp\/v2\/media\/113269"}],"wp:attachment":[{"href":"https:\/\/www.sudoestehoje.com.br\/novoportal\/wp-json\/wp\/v2\/media?parent=113267"}],"wp:term":[{"taxonomy":"category","embeddable":true,"href":"https:\/\/www.sudoestehoje.com.br\/novoportal\/wp-json\/wp\/v2\/categories?post=113267"},{"taxonomy":"post_tag","embeddable":true,"href":"https:\/\/www.sudoestehoje.com.br\/novoportal\/wp-json\/wp\/v2\/tags?post=113267"}],"curies":[{"name":"wp","href":"https:\/\/api.w.org\/{rel}","templated":true}]}}