
{"id":113261,"date":"2023-10-11T09:27:01","date_gmt":"2023-10-11T12:27:01","guid":{"rendered":"https:\/\/www.sudoestehoje.com.br\/novoportal\/?p=113261"},"modified":"2023-10-11T09:31:48","modified_gmt":"2023-10-11T12:31:48","slug":"feriadao-deve-atrair-milhares-de-pessoas-as-praias-do-sul-da-bahia-neste-final-de-semana","status":"publish","type":"post","link":"https:\/\/www.sudoestehoje.com.br\/novoportal\/2023\/10\/11\/feriadao-deve-atrair-milhares-de-pessoas-as-praias-do-sul-da-bahia-neste-final-de-semana\/","title":{"rendered":"FERIAD\u00c3O DEVE ATRAIR MILHARES DE TURISTAS \u00c0S PRAIAS DO SUL DA BAHIA NESTE FINAL DE SEMANA"},"content":{"rendered":"<p><img loading=\"lazy\" decoding=\"async\" class=\"alignnone wp-image-113263\" src=\"https:\/\/www.sudoestehoje.com.br\/novoportal\/wp-content\/uploads\/2023\/10\/IMG_20210530_082045-600x331.jpg\" alt=\"\" width=\"549\" height=\"303\" srcset=\"https:\/\/www.sudoestehoje.com.br\/novoportal\/wp-content\/uploads\/2023\/10\/IMG_20210530_082045-600x331.jpg 600w, https:\/\/www.sudoestehoje.com.br\/novoportal\/wp-content\/uploads\/2023\/10\/IMG_20210530_082045-700x386.jpg 700w, https:\/\/www.sudoestehoje.com.br\/novoportal\/wp-content\/uploads\/2023\/10\/IMG_20210530_082045-768x424.jpg 768w, https:\/\/www.sudoestehoje.com.br\/novoportal\/wp-content\/uploads\/2023\/10\/IMG_20210530_082045.jpg 1383w\" sizes=\"auto, (max-width: 549px) 100vw, 549px\" \/><\/p>\n<p><strong>Com dois feriados, um na quinta (12) e outro na segunda (16), as viagens rumo \u00e0s atrativas praias do sul da Bahia viraram a melhor op\u00e7\u00e3o, neste final de semana prolongado.<\/strong><\/p>\n<p><strong>Porto Seguro, Ilh\u00e9us e Itacar\u00e9, dentre outras, s\u00e3o as preferidas de quem vem de in\u00fameras cidades do Sudoeste Baiano, Norte de Minas, Goi\u00e1s e Bras\u00edlia, em busca de descanso, para uns, e curti\u00e7\u00e3o, para muitos.<\/strong><\/p>\n<p><strong>A rota mais procurada, para que vem dessas localidades, \u00e9 a BA-263, passando por Vit\u00f3ria da Conquista e Itapetinga, e a BR-415, para quem vai em dire\u00e7\u00e3o a Ilh\u00e9us e Itacar\u00e9.\u00a0<\/strong><\/p>\n<p><strong>O movimento de ve\u00edculos nessas rodovias, durante os feriad\u00f5es, \u00e9 muito intenso e todo cuidado \u00e9 pouco, principalmente na viagem de volta.<\/strong><\/p>\n<p><strong>Um \u00f3timo feriad\u00e3o!<\/strong><\/p>\n<p><strong>Por Davi Ferraz<\/strong><\/p>\n","protected":false},"excerpt":{"rendered":"<p>Com dois feriados, um na quinta (12) e outro na segunda (16), as viagens rumo \u00e0s atrativas praias do sul da Bahia viraram a melhor op\u00e7\u00e3o, neste final de semana prolongado. Porto Seguro, Ilh\u00e9us e Itacar\u00e9, dentre outras, s\u00e3o as preferidas de quem vem de in\u00fameras cidades do Sudoeste Baiano, Norte de Minas, Goi\u00e1s e [&hellip;]<\/p>\n","protected":false},"author":2,"featured_media":113263,"comment_status":"closed","ping_status":"open","sticky":false,"template":"","format":"standard","meta":{"footnotes":"","_links_to":"","_links_to_target":""},"categories":[1],"tags":[],"class_list":["post-113261","post","type-post","status-publish","format-standard","has-post-thumbnail","hentry","category-geral"],"views":1074,"_links":{"self":[{"href":"https:\/\/www.sudoestehoje.com.br\/novoportal\/wp-json\/wp\/v2\/posts\/113261","targetHints":{"allow":["GET"]}}],"collection":[{"href":"https:\/\/www.sudoestehoje.com.br\/novoportal\/wp-json\/wp\/v2\/posts"}],"about":[{"href":"https:\/\/www.sudoestehoje.com.br\/novoportal\/wp-json\/wp\/v2\/types\/post"}],"author":[{"embeddable":true,"href":"https:\/\/www.sudoestehoje.com.br\/novoportal\/wp-json\/wp\/v2\/users\/2"}],"replies":[{"embeddable":true,"href":"https:\/\/www.sudoestehoje.com.br\/novoportal\/wp-json\/wp\/v2\/comments?post=113261"}],"version-history":[{"count":4,"href":"https:\/\/www.sudoestehoje.com.br\/novoportal\/wp-json\/wp\/v2\/posts\/113261\/revisions"}],"predecessor-version":[{"id":113266,"href":"https:\/\/www.sudoestehoje.com.br\/novoportal\/wp-json\/wp\/v2\/posts\/113261\/revisions\/113266"}],"wp:featuredmedia":[{"embeddable":true,"href":"https:\/\/www.sudoestehoje.com.br\/novoportal\/wp-json\/wp\/v2\/media\/113263"}],"wp:attachment":[{"href":"https:\/\/www.sudoestehoje.com.br\/novoportal\/wp-json\/wp\/v2\/media?parent=113261"}],"wp:term":[{"taxonomy":"category","embeddable":true,"href":"https:\/\/www.sudoestehoje.com.br\/novoportal\/wp-json\/wp\/v2\/categories?post=113261"},{"taxonomy":"post_tag","embeddable":true,"href":"https:\/\/www.sudoestehoje.com.br\/novoportal\/wp-json\/wp\/v2\/tags?post=113261"}],"curies":[{"name":"wp","href":"https:\/\/api.w.org\/{rel}","templated":true}]}}