
{"id":113219,"date":"2023-10-09T09:02:04","date_gmt":"2023-10-09T12:02:04","guid":{"rendered":"https:\/\/www.sudoestehoje.com.br\/novoportal\/?p=113219"},"modified":"2023-10-09T09:02:04","modified_gmt":"2023-10-09T12:02:04","slug":"conquista-morre-d-zilda-gusmao-mae-do-ex-prefeito-herzen-gusmao","status":"publish","type":"post","link":"https:\/\/www.sudoestehoje.com.br\/novoportal\/2023\/10\/09\/conquista-morre-d-zilda-gusmao-mae-do-ex-prefeito-herzen-gusmao\/","title":{"rendered":"CONQUISTA | MORRE D. ZILDA GUSM\u00c3O, M\u00c3E DO EX-PREFEITO HERZEN GUSM\u00c3O"},"content":{"rendered":"<p><img loading=\"lazy\" decoding=\"async\" class=\"alignnone  wp-image-113220\" src=\"https:\/\/www.sudoestehoje.com.br\/novoportal\/wp-content\/uploads\/2023\/10\/nvfz9EL-600x360.jpg\" alt=\"\" width=\"550\" height=\"330\" srcset=\"https:\/\/www.sudoestehoje.com.br\/novoportal\/wp-content\/uploads\/2023\/10\/nvfz9EL-600x360.jpg 600w, https:\/\/www.sudoestehoje.com.br\/novoportal\/wp-content\/uploads\/2023\/10\/nvfz9EL.jpg 650w\" sizes=\"auto, (max-width: 550px) 100vw, 550px\" \/><\/p>\n<p><strong>Faleceu na noite deste domingo (8), dona Zilda Gusm\u00e3o, m\u00e3e do ex-prefeito de Vit\u00f3ria da Conquista, Herzem Gusm\u00e3o.\u00a0Ela tinha 95 anos e faleceu no Hospital Samur, v\u00edtima de complica\u00e7\u00f5es de sa\u00fade.<\/strong><\/p>\n<p><strong>Dona Zilda era natural de Vit\u00f3ria da Conquista, morava\u00a0 na tradicional\u00a0 Rua da Granja, onde formou fam\u00edlia e criou seus filhos.\u00a0O mais ilustre deles, o ex-prefeito Herzem Gusm\u00e3o, que faleceu em 2021, v\u00edtima das complica\u00e7\u00f5es da covid-19.<\/strong><\/p>\n<p><img loading=\"lazy\" decoding=\"async\" class=\"alignnone  wp-image-113221\" src=\"https:\/\/www.sudoestehoje.com.br\/novoportal\/wp-content\/uploads\/2023\/10\/maxresdefault-3-640x360-1-600x338.jpg\" alt=\"\" width=\"549\" height=\"309\" srcset=\"https:\/\/www.sudoestehoje.com.br\/novoportal\/wp-content\/uploads\/2023\/10\/maxresdefault-3-640x360-1-600x338.jpg 600w, https:\/\/www.sudoestehoje.com.br\/novoportal\/wp-content\/uploads\/2023\/10\/maxresdefault-3-640x360-1.jpg 640w\" sizes=\"auto, (max-width: 549px) 100vw, 549px\" \/><\/p>\n<p><strong>Dona Zilda deixa filhos, netos, bisnetos e in\u00fameros amigos que cultivou durante a vida.<\/strong><\/p>\n<p><strong>O funeral acontece na 1\u00aa Igreja Batista de Vit\u00f3ria da Conquista com sepultamento no Cemit\u00e9rio da Saudade<\/strong><\/p>\n<p><strong>Aos familiares e amigos, o Blog do Sena expressa seu profundo pesar.<\/strong><\/p>\n","protected":false},"excerpt":{"rendered":"<p>Faleceu na noite deste domingo (8), dona Zilda Gusm\u00e3o, m\u00e3e do ex-prefeito de Vit\u00f3ria da Conquista, Herzem Gusm\u00e3o.\u00a0Ela tinha 95 anos e faleceu no Hospital Samur, v\u00edtima de complica\u00e7\u00f5es de sa\u00fade. Dona Zilda era natural de Vit\u00f3ria da Conquista, morava\u00a0 na tradicional\u00a0 Rua da Granja, onde formou fam\u00edlia e criou seus filhos.\u00a0O mais ilustre deles, [&hellip;]<\/p>\n","protected":false},"author":2,"featured_media":113220,"comment_status":"closed","ping_status":"open","sticky":false,"template":"","format":"standard","meta":{"footnotes":"","_links_to":"","_links_to_target":""},"categories":[1],"tags":[],"class_list":["post-113219","post","type-post","status-publish","format-standard","has-post-thumbnail","hentry","category-geral"],"views":910,"_links":{"self":[{"href":"https:\/\/www.sudoestehoje.com.br\/novoportal\/wp-json\/wp\/v2\/posts\/113219","targetHints":{"allow":["GET"]}}],"collection":[{"href":"https:\/\/www.sudoestehoje.com.br\/novoportal\/wp-json\/wp\/v2\/posts"}],"about":[{"href":"https:\/\/www.sudoestehoje.com.br\/novoportal\/wp-json\/wp\/v2\/types\/post"}],"author":[{"embeddable":true,"href":"https:\/\/www.sudoestehoje.com.br\/novoportal\/wp-json\/wp\/v2\/users\/2"}],"replies":[{"embeddable":true,"href":"https:\/\/www.sudoestehoje.com.br\/novoportal\/wp-json\/wp\/v2\/comments?post=113219"}],"version-history":[{"count":1,"href":"https:\/\/www.sudoestehoje.com.br\/novoportal\/wp-json\/wp\/v2\/posts\/113219\/revisions"}],"predecessor-version":[{"id":113222,"href":"https:\/\/www.sudoestehoje.com.br\/novoportal\/wp-json\/wp\/v2\/posts\/113219\/revisions\/113222"}],"wp:featuredmedia":[{"embeddable":true,"href":"https:\/\/www.sudoestehoje.com.br\/novoportal\/wp-json\/wp\/v2\/media\/113220"}],"wp:attachment":[{"href":"https:\/\/www.sudoestehoje.com.br\/novoportal\/wp-json\/wp\/v2\/media?parent=113219"}],"wp:term":[{"taxonomy":"category","embeddable":true,"href":"https:\/\/www.sudoestehoje.com.br\/novoportal\/wp-json\/wp\/v2\/categories?post=113219"},{"taxonomy":"post_tag","embeddable":true,"href":"https:\/\/www.sudoestehoje.com.br\/novoportal\/wp-json\/wp\/v2\/tags?post=113219"}],"curies":[{"name":"wp","href":"https:\/\/api.w.org\/{rel}","templated":true}]}}