
{"id":113205,"date":"2023-10-07T22:36:34","date_gmt":"2023-10-08T01:36:34","guid":{"rendered":"https:\/\/www.sudoestehoje.com.br\/novoportal\/?p=113205"},"modified":"2023-10-07T22:36:34","modified_gmt":"2023-10-08T01:36:34","slug":"itabuna-dois-acidentes-na-br-101-deixam-cinco-mortos-e-cinco-feridos-inclusive-criancas-e-bebes","status":"publish","type":"post","link":"https:\/\/www.sudoestehoje.com.br\/novoportal\/2023\/10\/07\/itabuna-dois-acidentes-na-br-101-deixam-cinco-mortos-e-cinco-feridos-inclusive-criancas-e-bebes\/","title":{"rendered":"ITABUNA | DOIS ACIDENTES NA BR-101 DEIXAM CINCO MORTOS E CINCO FERIDOS, INCLUSIVE CRIAN\u00c7AS E BEB\u00caS"},"content":{"rendered":"<p><img loading=\"lazy\" decoding=\"async\" class=\"alignnone  wp-image-113207\" src=\"https:\/\/www.sudoestehoje.com.br\/novoportal\/wp-content\/uploads\/2023\/10\/acidente8.png\" alt=\"\" width=\"551\" height=\"421\" \/><\/p>\n<p><strong>Dois acidentes ocorridos em um intervalo de cinco horas causaram a morte de cinco pessoas e deixaram mais cinco feridas, no trecho da BR-101 em Itabuna, no sul da Bahia. As informa\u00e7\u00f5es s\u00e3o da Pol\u00edcia Rodovi\u00e1ria Federal.<\/strong><\/p>\n<p><strong>O primeiro caso ocorreu por volta das 22h de sexta-feira (6) e deixou tr\u00eas mortos, entre elas duas crian\u00e7as, e mais quatro feridas. Dois carros bateram de frente, por raz\u00f5es desconhecidas.<\/strong><\/p>\n<p><strong>Segundo a PRF, cinco pessoas estavam em um dos ve\u00edculos: as duas crian\u00e7as de 8 e 4 anos de idade, que morreram; uma jovem de 20 anos, que ficou gravemente ferida; o motorista, que teve les\u00f5es leves; uma crian\u00e7a de dois anos, que n\u00e3o se machucou. Os feridos foram encaminhados para o Hospital de Base Itabuna.<\/strong><\/p>\n<p><strong>No outro ve\u00edculo, estavam tr\u00eas pessoas: a motorista, que morreu; uma mulher de 27 anos; que ficou presa entre as ferragens e se feriu com gravidade; um beb\u00ea, que teve les\u00f5es leves e foi levado ao Hospital Manoel Novaes, tamb\u00e9m em Itabuna.<\/strong><\/p>\n<p><strong>A pol\u00edcia n\u00e3o informou nomes, nem se havia grau de parentesco entre os ocupantes de cada ve\u00edculo. N\u00e3o h\u00e1 detalhes sobre o estado de sa\u00fade dos feridos.<\/strong><\/p>\n<p><strong>Horas depois, na madrugada deste s\u00e1bado (7), outro acidente com \u00f3bitos foi registrado pela PRF em Itabuna. Um carro e uma motocicleta bateram de frente, na mesma rodovia. Ainda n\u00e3o se sabe o que provocou a colis\u00e3o.<\/strong><\/p>\n","protected":false},"excerpt":{"rendered":"<p>Dois acidentes ocorridos em um intervalo de cinco horas causaram a morte de cinco pessoas e deixaram mais cinco feridas, no trecho da BR-101 em Itabuna, no sul da Bahia. As informa\u00e7\u00f5es s\u00e3o da Pol\u00edcia Rodovi\u00e1ria Federal. O primeiro caso ocorreu por volta das 22h de sexta-feira (6) e deixou tr\u00eas mortos, entre elas duas [&hellip;]<\/p>\n","protected":false},"author":2,"featured_media":113207,"comment_status":"closed","ping_status":"open","sticky":false,"template":"","format":"standard","meta":{"footnotes":"","_links_to":"","_links_to_target":""},"categories":[1],"tags":[],"class_list":["post-113205","post","type-post","status-publish","format-standard","has-post-thumbnail","hentry","category-geral"],"views":976,"_links":{"self":[{"href":"https:\/\/www.sudoestehoje.com.br\/novoportal\/wp-json\/wp\/v2\/posts\/113205","targetHints":{"allow":["GET"]}}],"collection":[{"href":"https:\/\/www.sudoestehoje.com.br\/novoportal\/wp-json\/wp\/v2\/posts"}],"about":[{"href":"https:\/\/www.sudoestehoje.com.br\/novoportal\/wp-json\/wp\/v2\/types\/post"}],"author":[{"embeddable":true,"href":"https:\/\/www.sudoestehoje.com.br\/novoportal\/wp-json\/wp\/v2\/users\/2"}],"replies":[{"embeddable":true,"href":"https:\/\/www.sudoestehoje.com.br\/novoportal\/wp-json\/wp\/v2\/comments?post=113205"}],"version-history":[{"count":3,"href":"https:\/\/www.sudoestehoje.com.br\/novoportal\/wp-json\/wp\/v2\/posts\/113205\/revisions"}],"predecessor-version":[{"id":113209,"href":"https:\/\/www.sudoestehoje.com.br\/novoportal\/wp-json\/wp\/v2\/posts\/113205\/revisions\/113209"}],"wp:featuredmedia":[{"embeddable":true,"href":"https:\/\/www.sudoestehoje.com.br\/novoportal\/wp-json\/wp\/v2\/media\/113207"}],"wp:attachment":[{"href":"https:\/\/www.sudoestehoje.com.br\/novoportal\/wp-json\/wp\/v2\/media?parent=113205"}],"wp:term":[{"taxonomy":"category","embeddable":true,"href":"https:\/\/www.sudoestehoje.com.br\/novoportal\/wp-json\/wp\/v2\/categories?post=113205"},{"taxonomy":"post_tag","embeddable":true,"href":"https:\/\/www.sudoestehoje.com.br\/novoportal\/wp-json\/wp\/v2\/tags?post=113205"}],"curies":[{"name":"wp","href":"https:\/\/api.w.org\/{rel}","templated":true}]}}