
{"id":11317,"date":"2011-12-19T18:58:14","date_gmt":"2011-12-19T21:58:14","guid":{"rendered":"http:\/\/www.sudoestehoje.com.br\/novoportal\/?p=11317"},"modified":"2011-12-19T18:58:14","modified_gmt":"2011-12-19T21:58:14","slug":"pt-vai-fazer-um-estagio-na-oposicao-a-partir-de-2014-diz-aecio","status":"publish","type":"post","link":"https:\/\/www.sudoestehoje.com.br\/novoportal\/2011\/12\/19\/pt-vai-fazer-um-estagio-na-oposicao-a-partir-de-2014-diz-aecio\/","title":{"rendered":"&#8216;PT VAI FAZER UM EST\u00c1GIO NA OPOSI\u00c7\u00c3O A PARTIR DE 2014&#8217;, DIZ A\u00c9CIO"},"content":{"rendered":"<p style=\"text-align: center;\"><img decoding=\"async\" class=\"aligncenter\" src=\"http:\/\/www.edgarlisboa.com.br\/wp-content\/2011\/02\/aecio-neves-senador.jpg\" alt=\"\" width=\"400\" \/><\/p>\n<p>O senador A\u00e9cio Neves (PSDB-MG) disse, em entrevista coletiva, nesta segunda-feira, 19, em Curitiba, que o PSDB tem a oportunidade de prestar \u201cum favor ao PT\u201d nas pr\u00f3ximas elei\u00e7\u00f5es presidenciais. \u201c\u00c9 importante o Brasil ter um partido de massas, e quem sabe n\u00f3s vamos permitir que o PT fa\u00e7a um est\u00e1gio na oposi\u00e7\u00e3o a partir de 2014, at\u00e9 para que ele possa reencontrar-se com seus valores e com as ideias que ele abdicou, que ele esqueceu depois que chegou ao governo\u201d, afirmou. Pouco antes, A\u00e9cio tinha recebido a Ordem Estadual do Pinheiro, maior honraria do governo do Paran\u00e1. Falando em nome dos homenageados ele teceu cr\u00edticas ao governo federal, num discurso apropriado para a campanha eleitoral oposicionista. Tamb\u00e9m escolhidos por uma comiss\u00e3o formada por secret\u00e1rios estaduais, os ministros da Justi\u00e7a, Jos\u00e9 Eduardo Cardozo, e das Comunica\u00e7\u00f5es, Paulo Bernardo, n\u00e3o compareceram. Entre os 47 homenageados estavam os ex-governadores Paulo Pimentel, Em\u00edlio Gomes, Jayme Canet Jr e Jaime Lerner. (Estad\u00e3o)<\/p>\n","protected":false},"excerpt":{"rendered":"<p>O senador A\u00e9cio Neves (PSDB-MG) disse, em entrevista coletiva, nesta segunda-feira, 19, em Curitiba, que o PSDB tem a oportunidade de prestar \u201cum favor ao PT\u201d nas pr\u00f3ximas elei\u00e7\u00f5es presidenciais. \u201c\u00c9 importante o Brasil ter um partido de massas, e quem sabe n\u00f3s vamos permitir que o PT fa\u00e7a um est\u00e1gio na oposi\u00e7\u00e3o a partir [&hellip;]<\/p>\n","protected":false},"author":2,"featured_media":0,"comment_status":"open","ping_status":"open","sticky":false,"template":"","format":"standard","meta":{"footnotes":"","_links_to":"","_links_to_target":""},"categories":[1],"tags":[],"class_list":["post-11317","post","type-post","status-publish","format-standard","hentry","category-geral"],"views":1132,"_links":{"self":[{"href":"https:\/\/www.sudoestehoje.com.br\/novoportal\/wp-json\/wp\/v2\/posts\/11317","targetHints":{"allow":["GET"]}}],"collection":[{"href":"https:\/\/www.sudoestehoje.com.br\/novoportal\/wp-json\/wp\/v2\/posts"}],"about":[{"href":"https:\/\/www.sudoestehoje.com.br\/novoportal\/wp-json\/wp\/v2\/types\/post"}],"author":[{"embeddable":true,"href":"https:\/\/www.sudoestehoje.com.br\/novoportal\/wp-json\/wp\/v2\/users\/2"}],"replies":[{"embeddable":true,"href":"https:\/\/www.sudoestehoje.com.br\/novoportal\/wp-json\/wp\/v2\/comments?post=11317"}],"version-history":[{"count":3,"href":"https:\/\/www.sudoestehoje.com.br\/novoportal\/wp-json\/wp\/v2\/posts\/11317\/revisions"}],"predecessor-version":[{"id":11320,"href":"https:\/\/www.sudoestehoje.com.br\/novoportal\/wp-json\/wp\/v2\/posts\/11317\/revisions\/11320"}],"wp:attachment":[{"href":"https:\/\/www.sudoestehoje.com.br\/novoportal\/wp-json\/wp\/v2\/media?parent=11317"}],"wp:term":[{"taxonomy":"category","embeddable":true,"href":"https:\/\/www.sudoestehoje.com.br\/novoportal\/wp-json\/wp\/v2\/categories?post=11317"},{"taxonomy":"post_tag","embeddable":true,"href":"https:\/\/www.sudoestehoje.com.br\/novoportal\/wp-json\/wp\/v2\/tags?post=11317"}],"curies":[{"name":"wp","href":"https:\/\/api.w.org\/{rel}","templated":true}]}}