
{"id":113159,"date":"2023-10-04T23:33:57","date_gmt":"2023-10-05T02:33:57","guid":{"rendered":"https:\/\/www.sudoestehoje.com.br\/novoportal\/?p=113159"},"modified":"2023-10-04T23:33:57","modified_gmt":"2023-10-05T02:33:57","slug":"al-ba-aprova-projeto-de-pedro-tavares-que-proibe-cobranca-de-taxas-na-emissao-de-diplomas-na-bahia","status":"publish","type":"post","link":"https:\/\/www.sudoestehoje.com.br\/novoportal\/2023\/10\/04\/al-ba-aprova-projeto-de-pedro-tavares-que-proibe-cobranca-de-taxas-na-emissao-de-diplomas-na-bahia\/","title":{"rendered":"AL-BA APROVA PROJETO DE PEDRO TAVARES QUE PRO\u00cdBE COBRAN\u00c7A DE TAXAS NA EMISS\u00c3O DE DIPLOMAS NA BAHIA"},"content":{"rendered":"<p><img loading=\"lazy\" decoding=\"async\" class=\"alignnone  wp-image-113161\" src=\"https:\/\/www.sudoestehoje.com.br\/novoportal\/wp-content\/uploads\/2023\/10\/53077-901467-2021-11-24-11-53-33-600x338.jpg\" alt=\"\" width=\"550\" height=\"310\" srcset=\"https:\/\/www.sudoestehoje.com.br\/novoportal\/wp-content\/uploads\/2023\/10\/53077-901467-2021-11-24-11-53-33-600x338.jpg 600w, https:\/\/www.sudoestehoje.com.br\/novoportal\/wp-content\/uploads\/2023\/10\/53077-901467-2021-11-24-11-53-33-700x394.jpg 700w, https:\/\/www.sudoestehoje.com.br\/novoportal\/wp-content\/uploads\/2023\/10\/53077-901467-2021-11-24-11-53-33-768x432.jpg 768w, https:\/\/www.sudoestehoje.com.br\/novoportal\/wp-content\/uploads\/2023\/10\/53077-901467-2021-11-24-11-53-33.jpg 951w\" sizes=\"auto, (max-width: 550px) 100vw, 550px\" \/><\/p>\n<p style=\"font-weight: 400;\"><strong>O plen\u00e1rio da Assembleia Legislativa da Bahia (AL-BA) aprovou o Projeto de Lei 21.835, do deputado Pedro Tavares (Uni\u00e3o), que pro\u00edbe a cobran\u00e7a pelas institui\u00e7\u00f5es de ensino da Bahia de taxas de emiss\u00e3o de registro de diplomas e outros documentos acad\u00eamicos e escolares. Em sess\u00e3o nesta ter\u00e7a-feira (03), que entrou pela noite, os deputados aprovaram diversas proposi\u00e7\u00f5es, entre elas, essa de sua autoria determinando que seja proibido o recolhimento de taxas na primeira emiss\u00e3o do diploma e outros documentos acad\u00eamicos e escolares.<\/strong><\/p>\n<p style=\"font-weight: 400;\"><strong>Est\u00e3o inseridos no projeto os diplomas, certificados, hist\u00f3ricos, certid\u00f5es e declara\u00e7\u00f5es acad\u00eamicas e escolares em geral, como os que atestam programas de curso, hor\u00e1rios e turnos de aulas, est\u00e1gio, planos de ensino, etc. As institui\u00e7\u00f5es educacionais que n\u00e3o cumprirem sofrer\u00e3o penalidades, com o pagamento de multas.<\/strong><\/p>\n<p style=\"font-weight: 400;\"><strong>Tavares comemorou a aprova\u00e7\u00e3o da proposta apresentada em seu mandato, destacando a expectativa de que a lei seja sancionada pelo governador e cumprida pelas institui\u00e7\u00f5es de ensino da Bahia.<\/strong><\/p>\n<p style=\"font-weight: 400;\"><strong>\u201cFoi uma grande conquista para os estudantes baianos a aprova\u00e7\u00e3o desse importante projeto de lei que visa proibir as escolas e faculdades a cobrar pela emiss\u00e3o de diplomas, certificados, entre outros documentos que integram a vida escolar e acad\u00eamica.Esperamos que seja sancionada pelo governador para que os estudantes n\u00e3o tenham mais custos na hora de solicitar o diploma e outros documentos\u201d, afirmou o deputado.<\/strong><\/p>\n","protected":false},"excerpt":{"rendered":"<p>O plen\u00e1rio da Assembleia Legislativa da Bahia (AL-BA) aprovou o Projeto de Lei 21.835, do deputado Pedro Tavares (Uni\u00e3o), que pro\u00edbe a cobran\u00e7a pelas institui\u00e7\u00f5es de ensino da Bahia de taxas de emiss\u00e3o de registro de diplomas e outros documentos acad\u00eamicos e escolares. Em sess\u00e3o nesta ter\u00e7a-feira (03), que entrou pela noite, os deputados aprovaram [&hellip;]<\/p>\n","protected":false},"author":2,"featured_media":113161,"comment_status":"closed","ping_status":"open","sticky":false,"template":"","format":"standard","meta":{"footnotes":"","_links_to":"","_links_to_target":""},"categories":[1],"tags":[],"class_list":["post-113159","post","type-post","status-publish","format-standard","has-post-thumbnail","hentry","category-geral"],"views":742,"_links":{"self":[{"href":"https:\/\/www.sudoestehoje.com.br\/novoportal\/wp-json\/wp\/v2\/posts\/113159","targetHints":{"allow":["GET"]}}],"collection":[{"href":"https:\/\/www.sudoestehoje.com.br\/novoportal\/wp-json\/wp\/v2\/posts"}],"about":[{"href":"https:\/\/www.sudoestehoje.com.br\/novoportal\/wp-json\/wp\/v2\/types\/post"}],"author":[{"embeddable":true,"href":"https:\/\/www.sudoestehoje.com.br\/novoportal\/wp-json\/wp\/v2\/users\/2"}],"replies":[{"embeddable":true,"href":"https:\/\/www.sudoestehoje.com.br\/novoportal\/wp-json\/wp\/v2\/comments?post=113159"}],"version-history":[{"count":2,"href":"https:\/\/www.sudoestehoje.com.br\/novoportal\/wp-json\/wp\/v2\/posts\/113159\/revisions"}],"predecessor-version":[{"id":113162,"href":"https:\/\/www.sudoestehoje.com.br\/novoportal\/wp-json\/wp\/v2\/posts\/113159\/revisions\/113162"}],"wp:featuredmedia":[{"embeddable":true,"href":"https:\/\/www.sudoestehoje.com.br\/novoportal\/wp-json\/wp\/v2\/media\/113161"}],"wp:attachment":[{"href":"https:\/\/www.sudoestehoje.com.br\/novoportal\/wp-json\/wp\/v2\/media?parent=113159"}],"wp:term":[{"taxonomy":"category","embeddable":true,"href":"https:\/\/www.sudoestehoje.com.br\/novoportal\/wp-json\/wp\/v2\/categories?post=113159"},{"taxonomy":"post_tag","embeddable":true,"href":"https:\/\/www.sudoestehoje.com.br\/novoportal\/wp-json\/wp\/v2\/tags?post=113159"}],"curies":[{"name":"wp","href":"https:\/\/api.w.org\/{rel}","templated":true}]}}